{"id":14892,"date":"2022-02-09T12:25:04","date_gmt":"2022-02-09T18:25:04","guid":{"rendered":"http:\/\/fge.oaxaca.gob.mx\/?post_type=noticias&amp;p=4026"},"modified":"2022-02-09T12:25:04","modified_gmt":"2022-02-09T18:25:04","slug":"en-prision-y-vinculado-a-proceso-probable-secuestrador-de-la-costa-fgeo","status":"publish","type":"noticias","link":"https:\/\/portal.fgeo.gob.mx\/index.php\/archivos\/noticias\/en-prision-y-vinculado-a-proceso-probable-secuestrador-de-la-costa-fgeo","title":{"rendered":"En prisi\u00f3n y vinculado a proceso, probable secuestrador de la Costa: FGEO"},"content":{"rendered":"<p style=\"font-weight: 400; text-align: justify;\"><strong>Oaxaca de Ju\u00e1rez, Oax., 9 de febrero de 2022.-<\/strong>\u00a0La Fiscal\u00eda General del Estado de Oaxaca (FGEO) obtuvo auto de vinculaci\u00f3n a proceso contra un masculino identificado como J. L. M. C., se\u00f1alado como probable responsable del delito de secuestro agravado en contra de una v\u00edctima de identidad reservada, cometido en diciembre de 2021, en jurisdicci\u00f3n de Santiago Pinotepa Nacional, en la regi\u00f3n de la Costa.<\/p>\n<p style=\"font-weight: 400; text-align: justify;\">De acuerdo con la carpeta de investigaci\u00f3n 41197\/FDAI\/UECS\/2021, el 3 de diciembre de 2021, sujetos desconocidos -que portaban armas de fuego- privaron de su libertad a la v\u00edctima cuando sali\u00f3 de su domicilio, ubicado en inmediaciones de Pinotepa Nacional.<\/p>\n<p style=\"font-weight: 400; text-align: justify;\">Posteriormente, los plagiarios se comunicaron con familiares de la v\u00edctima, a quienes exigieron una fuerte suma de dinero a cambio de su liberaci\u00f3n. Cabe mencionar que la v\u00edctima fue liberada en un cerro ubicado en el camino de terracer\u00eda conocido como los Siete Pozos, perteneciente al referido municipio.<\/p>\n<p style=\"font-weight: 400; text-align: justify;\">Ante este hecho y tras la denuncia presentada, la Instituci\u00f3n de procuraci\u00f3n de justicia atrajo el caso -a trav\u00e9s de la Fiscal\u00eda Especializada en Atenci\u00f3n a Delitos de Alto Impacto-, logrando aprehender y presentar ante el Juzgado de Control al probable responsable.<\/p>\n<p style=\"font-weight: 400; text-align: justify;\">\u00a0En audiencia y tras validar los datos de prueba proporcionados por la FGEO, el Juez en turno determin\u00f3 vincular a proceso a J. L. M. C., imponiendo la medida cautelar de prisi\u00f3n preventiva\u00a0 y otorg\u00f3 cinco meses para el cierre de investigaci\u00f3n complementaria.<\/p>\n<p style=\"font-weight: 400; text-align: justify;\">La Fiscal\u00eda General combate el delito de secuestro, realizando investigaciones exhaustivas para dar con los responsables, garantizando justicia plena a las v\u00edctimas.<\/p>\n","protected":false},"author":1,"featured_media":3175,"comment_status":"closed","ping_status":"closed","template":"","tags":[],"categoria_noticias":[],"class_list":["post-14892","noticias","type-noticias","status-publish","has-post-thumbnail","hentry"],"acf":[],"mb":[],"mfb_rest_fields":["title","gutenberg_elementor_mode"],"_links":{"self":[{"href":"https:\/\/portal.fgeo.gob.mx\/index.php\/wp-json\/wp\/v2\/noticias\/14892","targetHints":{"allow":["GET"]}}],"collection":[{"href":"https:\/\/portal.fgeo.gob.mx\/index.php\/wp-json\/wp\/v2\/noticias"}],"about":[{"href":"https:\/\/portal.fgeo.gob.mx\/index.php\/wp-json\/wp\/v2\/types\/noticias"}],"author":[{"embeddable":true,"href":"https:\/\/portal.fgeo.gob.mx\/index.php\/wp-json\/wp\/v2\/users\/1"}],"replies":[{"embeddable":true,"href":"https:\/\/portal.fgeo.gob.mx\/index.php\/wp-json\/wp\/v2\/comments?post=14892"}],"wp:featuredmedia":[{"embeddable":true,"href":"https:\/\/portal.fgeo.gob.mx\/index.php\/wp-json\/"}],"wp:attachment":[{"href":"https:\/\/portal.fgeo.gob.mx\/index.php\/wp-json\/wp\/v2\/media?parent=14892"}],"wp:term":[{"taxonomy":"post_tag","embeddable":true,"href":"https:\/\/portal.fgeo.gob.mx\/index.php\/wp-json\/wp\/v2\/tags?post=14892"},{"taxonomy":"categoria_noticias","embeddable":true,"href":"https:\/\/portal.fgeo.gob.mx\/index.php\/wp-json\/wp\/v2\/categoria_noticias?post=14892"}],"curies":[{"name":"wp","href":"https:\/\/api.w.org\/{rel}","templated":true}]}}