{"id":14885,"date":"2022-02-05T14:11:20","date_gmt":"2022-02-05T20:11:20","guid":{"rendered":"http:\/\/fge.oaxaca.gob.mx\/?post_type=noticias&amp;p=4016"},"modified":"2022-02-05T14:11:20","modified_gmt":"2022-02-05T20:11:20","slug":"sin-tregua-a-delitos-de-violencia-familiar-contra-mujeres-en-la-costa-logramos-vincular-a-proceso-a-2-sujetos-fgeo","status":"publish","type":"noticias","link":"https:\/\/portal.fgeo.gob.mx\/index.php\/archivos\/noticias\/sin-tregua-a-delitos-de-violencia-familiar-contra-mujeres-en-la-costa-logramos-vincular-a-proceso-a-2-sujetos-fgeo","title":{"rendered":"Sin tregua a delitos de violencia familiar contra mujeres, en la Costa logramos vincular a proceso a 2 sujetos: FGEO"},"content":{"rendered":"<ul>\n<li style=\"font-weight: 400; text-align: justify;\">En hechos diferentes, fueron vinculados a proceso F. R. R. y M. J. M. M., como probables responsables.<\/li>\n<\/ul>\n<p style=\"font-weight: 400; text-align: justify;\"><strong>Oaxaca de Ju\u00e1rez, Oax., 5 de febrero de 2022.-<\/strong>\u00a0En estricto apego a la pol\u00edtica de actuar con firmeza contra quienes vulneren los derechos de ni\u00f1as, ni\u00f1os, adolescentes y mujeres, la Fiscal\u00eda General del Estado de Oaxaca (FGEO) obtuvo, del Juzgado de Control, auto de vinculaci\u00f3n a proceso contra la persona del sexo masculino identificada como F. R. R., se\u00f1alado como probable responsable del delito de violencia familiar en agravio de una mujer identificada como D. D. V. R., cometido en Santa Mar\u00eda Colotepec, en la regi\u00f3n de la Costa.<\/p>\n<p style=\"font-weight: 400; text-align: justify;\">De acuerdo con la causa penal 11\/2022, el 20 de diciembre de 2021, el imputado agredi\u00f3 de manera f\u00edsica y verbal a la v\u00edctima cuando se encontraban en su domicilio particular ubicado en inmediaciones de la avenida Cinco de Mayo, perteneciente al referido municipio.<\/p>\n<p style=\"font-weight: 400; text-align: justify;\">Ante este hecho y tras la denuncia presentada, la instituci\u00f3n de procuraci\u00f3n de justicia -a trav\u00e9s de la Vicefiscal\u00eda Regional de la Costa- inici\u00f3 la investigaci\u00f3n correspondiente, logrando presentar al imputado ante el Juez de Control.<\/p>\n<p style=\"font-weight: 400; text-align: justify;\">En audiencia y tras validar los datos de prueba proporcionados, el Juez en turno determin\u00f3 vincular a proceso a F. R. R., y otorg\u00f3 un mes para el cierre de investigaci\u00f3n complementaria. As\u00ed tambi\u00e9n, orden\u00f3 medidas cautelares a favor de la v\u00edctima.<\/p>\n<p style=\"font-weight: 400; text-align: justify;\">En otro hecho, por el referido delito, la FGEO obtuvo auto de vinculaci\u00f3n a proceso y otorg\u00f3 un mes para el cierre de investigaci\u00f3n contra el masculino M. J. M. M., quien probablemente agredi\u00f3 de forma f\u00edsica y verbal a la v\u00edctima N. K. T. H., cuando se encontraba en inmediaciones de la colonia Sector Hidalgo, perteneciente a Puerto Escondido.<\/p>\n<p style=\"font-weight: 400; text-align: justify;\">Hechos asentados en la causa penal 007\/2022, derivados de los cuales, el Juez otorg\u00f3 medidas cautelares a favor de la v\u00edctima.<\/p>\n<p style=\"font-weight: 400; text-align: justify;\">A trav\u00e9s de estas acciones, la Fiscal\u00eda General refrenda su compromiso de no permitir que actos que atenten contra la integridad de mujeres, ni\u00f1as, ni\u00f1os y adolescentes queden impunes, presentando ante la justicia y aplicando la Ley sin distingo a quien resulte responsable.<\/p>\n","protected":false},"author":1,"featured_media":3175,"comment_status":"closed","ping_status":"closed","template":"","tags":[],"categoria_noticias":[],"class_list":["post-14885","noticias","type-noticias","status-publish","has-post-thumbnail","hentry"],"acf":[],"mb":[],"mfb_rest_fields":["title","gutenberg_elementor_mode"],"_links":{"self":[{"href":"https:\/\/portal.fgeo.gob.mx\/index.php\/wp-json\/wp\/v2\/noticias\/14885","targetHints":{"allow":["GET"]}}],"collection":[{"href":"https:\/\/portal.fgeo.gob.mx\/index.php\/wp-json\/wp\/v2\/noticias"}],"about":[{"href":"https:\/\/portal.fgeo.gob.mx\/index.php\/wp-json\/wp\/v2\/types\/noticias"}],"author":[{"embeddable":true,"href":"https:\/\/portal.fgeo.gob.mx\/index.php\/wp-json\/wp\/v2\/users\/1"}],"replies":[{"embeddable":true,"href":"https:\/\/portal.fgeo.gob.mx\/index.php\/wp-json\/wp\/v2\/comments?post=14885"}],"wp:featuredmedia":[{"embeddable":true,"href":"https:\/\/portal.fgeo.gob.mx\/index.php\/wp-json\/"}],"wp:attachment":[{"href":"https:\/\/portal.fgeo.gob.mx\/index.php\/wp-json\/wp\/v2\/media?parent=14885"}],"wp:term":[{"taxonomy":"post_tag","embeddable":true,"href":"https:\/\/portal.fgeo.gob.mx\/index.php\/wp-json\/wp\/v2\/tags?post=14885"},{"taxonomy":"categoria_noticias","embeddable":true,"href":"https:\/\/portal.fgeo.gob.mx\/index.php\/wp-json\/wp\/v2\/categoria_noticias?post=14885"}],"curies":[{"name":"wp","href":"https:\/\/api.w.org\/{rel}","templated":true}]}}