{"id":14883,"date":"2022-02-05T11:38:02","date_gmt":"2022-02-05T17:38:02","guid":{"rendered":"http:\/\/fge.oaxaca.gob.mx\/?post_type=noticias&amp;p=4014"},"modified":"2022-02-05T11:38:02","modified_gmt":"2022-02-05T17:38:02","slug":"aprehendimos-y-vinculamos-a-proceso-a-probable-pederasta-de-la-costa-de-oaxaca","status":"publish","type":"noticias","link":"https:\/\/portal.fgeo.gob.mx\/index.php\/archivos\/noticias\/aprehendimos-y-vinculamos-a-proceso-a-probable-pederasta-de-la-costa-de-oaxaca","title":{"rendered":"Aprehendimos y vinculamos a proceso a probable pederasta de la Costa de Oaxaca"},"content":{"rendered":"<p style=\"font-weight: 400; text-align: justify;\"><strong>Oaxaca de Ju\u00e1rez, Oax., 5 de febrero de 2022.-\u00a0<\/strong>Tras exhaustivas diligencias de investigaci\u00f3n por parte de agentes estatales de investigaci\u00f3n, peritos y agentes del Ministerio P\u00fablico, la Fiscal\u00eda General del Estado de Oaxaca (FGEO) logr\u00f3 la aprehensi\u00f3n y vinculaci\u00f3n a proceso del masculino C. M. G., se\u00f1alado como probable responsable del delito pederastia en agravio de una menor de edad (cuya identidad es reservada), cometido en noviembre de 2021 en jurisdicci\u00f3n de San Miguel del Puerto, regi\u00f3n de la Costa.<\/p>\n<p style=\"font-weight: 400; text-align: justify;\">De acuerdo con la carpeta de investigaci\u00f3n 40233\/FCOS\/POCHUTLA\/2021, el 23 de noviembre de 2021, el imputado probablemente cometi\u00f3 actos lascivos contra la v\u00edctima cuando se encontraban en un domicilio particular ubicado en inmediaciones de la localidad Barra de Copalita, perteneciente al referido municipio.<\/p>\n<p style=\"font-weight: 400; text-align: justify;\">Ante este hecho y tras la denuncia presentada por familiares de la v\u00edctima, la Instituci\u00f3n de procuraci\u00f3n de justicia atrajo la investigaci\u00f3n, logrando identificar y aprehender al imputado el pasado 28 de enero de 2022, mismo que fue presentado ante el Juzgado de Control.<\/p>\n<p style=\"font-weight: 400; text-align: justify;\">En audiencia y tras validar los datos de prueba aportados por la Vicefiscal\u00eda Regional de la Costa, el Juez en turno determin\u00f3 vincular a proceso a C. M. G., imponiendo la medida cautelar de prisi\u00f3n preventiva oficiosa y otorg\u00f3 dos meses para el cierre de investigaci\u00f3n complementaria.<\/p>\n<p style=\"font-weight: 400; text-align: justify;\">La Fiscal\u00eda General garantiza justicia plena a v\u00edctimas de delitos, realizando investigaciones exhaustivas para presentar ante la justicia a quienes atenten en su contra.<\/p>\n","protected":false},"author":1,"featured_media":3175,"comment_status":"closed","ping_status":"closed","template":"","tags":[],"categoria_noticias":[],"class_list":["post-14883","noticias","type-noticias","status-publish","has-post-thumbnail","hentry"],"acf":[],"mb":[],"mfb_rest_fields":["title","gutenberg_elementor_mode"],"_links":{"self":[{"href":"https:\/\/portal.fgeo.gob.mx\/index.php\/wp-json\/wp\/v2\/noticias\/14883","targetHints":{"allow":["GET"]}}],"collection":[{"href":"https:\/\/portal.fgeo.gob.mx\/index.php\/wp-json\/wp\/v2\/noticias"}],"about":[{"href":"https:\/\/portal.fgeo.gob.mx\/index.php\/wp-json\/wp\/v2\/types\/noticias"}],"author":[{"embeddable":true,"href":"https:\/\/portal.fgeo.gob.mx\/index.php\/wp-json\/wp\/v2\/users\/1"}],"replies":[{"embeddable":true,"href":"https:\/\/portal.fgeo.gob.mx\/index.php\/wp-json\/wp\/v2\/comments?post=14883"}],"wp:featuredmedia":[{"embeddable":true,"href":"https:\/\/portal.fgeo.gob.mx\/index.php\/wp-json\/"}],"wp:attachment":[{"href":"https:\/\/portal.fgeo.gob.mx\/index.php\/wp-json\/wp\/v2\/media?parent=14883"}],"wp:term":[{"taxonomy":"post_tag","embeddable":true,"href":"https:\/\/portal.fgeo.gob.mx\/index.php\/wp-json\/wp\/v2\/tags?post=14883"},{"taxonomy":"categoria_noticias","embeddable":true,"href":"https:\/\/portal.fgeo.gob.mx\/index.php\/wp-json\/wp\/v2\/categoria_noticias?post=14883"}],"curies":[{"name":"wp","href":"https:\/\/api.w.org\/{rel}","templated":true}]}}