{"id":14882,"date":"2022-02-04T14:10:31","date_gmt":"2022-02-04T20:10:31","guid":{"rendered":"http:\/\/fge.oaxaca.gob.mx\/?post_type=noticias&amp;p=4013"},"modified":"2022-02-04T14:10:31","modified_gmt":"2022-02-04T20:10:31","slug":"ejecutamos-orden-de-aprehension-y-logramos-prision-preventiva-contra-probable-secuestrador-de-pinotepa-nacional","status":"publish","type":"noticias","link":"https:\/\/portal.fgeo.gob.mx\/index.php\/archivos\/noticias\/ejecutamos-orden-de-aprehension-y-logramos-prision-preventiva-contra-probable-secuestrador-de-pinotepa-nacional","title":{"rendered":"Ejecutamos orden de aprehensi\u00f3n y logramos prisi\u00f3n preventiva contra probable secuestrador de Pinotepa Nacional"},"content":{"rendered":"<p style=\"font-weight: 400; text-align: justify;\"><strong>Oaxaca de Ju\u00e1rez, Oax., 4 de febrero de 2022.-<\/strong>\u00a0La labor de investigaci\u00f3n de la Fiscal\u00eda General del Estado de Oaxaca (FGEO) dio como resultado la aprehensi\u00f3n de la persona del sexo masculino identificada como J. L. M. C., probable responsable del delito de secuestro agravado en contra de una v\u00edctima de identidad reservada por Ley, cometido en diciembre de 2021, en jurisdicci\u00f3n de Santiago Pinotepa Nacional, en la regi\u00f3n de la Costa.<\/p>\n<p style=\"font-weight: 400; text-align: justify;\">De acuerdo con la carpeta de investigaci\u00f3n 41197\/FDAI\/UECS\/2021, el 3 de diciembre de 2021, sujetos desconocidos -que portaban armas de fuego- privaron de su libertad a la v\u00edctima, minutos despu\u00e9s de abandonar su domicilio, ubicado en Pinotepa Nacional.<\/p>\n<p style=\"font-weight: 400; text-align: justify;\">Posteriormente, los plagiarios entablaron contacto con familiares de la v\u00edctima, a quienes exigieron una fuerte suma de dinero a cambio de no atentar en su contra; la v\u00edctima finalmente liberada en un cerro ubicado en el camino de terracer\u00eda conocido como los Siete Pozos, dentro del referido municipio.<\/p>\n<p style=\"font-weight: 400; text-align: justify;\">Ante este hecho y tras la denuncia presentada, la Instituci\u00f3n de procuraci\u00f3n de justicia atrajo el caso -a trav\u00e9s de la Fiscal\u00eda Especializada en Atenci\u00f3n a Delitos de Alto Impacto-, logrando aprehender el pasado 2 de febrero al imputado, quien fue presentado ante la autoridad ministerial que lo requiri\u00f3.<\/p>\n<p style=\"font-weight: 400; text-align: justify;\">En audiencia, el imputado solicit\u00f3 ampliaci\u00f3n del t\u00e9rmino constitucional, que fenece el pr\u00f3ximo 8 de febrero, quedando en tanto en prisi\u00f3n preventiva de manera provisional.<\/p>\n<p style=\"font-weight: 400; text-align: justify;\">La Fiscal\u00eda General combate el delito de secuestro, realizando investigaciones exhaustivas para dar con los responsables, garantizando justicia plena a las v\u00edctimas.<\/p>\n","protected":false},"author":1,"featured_media":3175,"comment_status":"closed","ping_status":"closed","template":"","tags":[],"categoria_noticias":[],"class_list":["post-14882","noticias","type-noticias","status-publish","has-post-thumbnail","hentry"],"acf":[],"mb":[],"mfb_rest_fields":["title","gutenberg_elementor_mode"],"_links":{"self":[{"href":"https:\/\/portal.fgeo.gob.mx\/index.php\/wp-json\/wp\/v2\/noticias\/14882","targetHints":{"allow":["GET"]}}],"collection":[{"href":"https:\/\/portal.fgeo.gob.mx\/index.php\/wp-json\/wp\/v2\/noticias"}],"about":[{"href":"https:\/\/portal.fgeo.gob.mx\/index.php\/wp-json\/wp\/v2\/types\/noticias"}],"author":[{"embeddable":true,"href":"https:\/\/portal.fgeo.gob.mx\/index.php\/wp-json\/wp\/v2\/users\/1"}],"replies":[{"embeddable":true,"href":"https:\/\/portal.fgeo.gob.mx\/index.php\/wp-json\/wp\/v2\/comments?post=14882"}],"wp:featuredmedia":[{"embeddable":true,"href":"https:\/\/portal.fgeo.gob.mx\/index.php\/wp-json\/"}],"wp:attachment":[{"href":"https:\/\/portal.fgeo.gob.mx\/index.php\/wp-json\/wp\/v2\/media?parent=14882"}],"wp:term":[{"taxonomy":"post_tag","embeddable":true,"href":"https:\/\/portal.fgeo.gob.mx\/index.php\/wp-json\/wp\/v2\/tags?post=14882"},{"taxonomy":"categoria_noticias","embeddable":true,"href":"https:\/\/portal.fgeo.gob.mx\/index.php\/wp-json\/wp\/v2\/categoria_noticias?post=14882"}],"curies":[{"name":"wp","href":"https:\/\/api.w.org\/{rel}","templated":true}]}}