{"id":14880,"date":"2022-02-04T12:18:21","date_gmt":"2022-02-04T18:18:21","guid":{"rendered":"http:\/\/fge.oaxaca.gob.mx\/?post_type=noticias&amp;p=4011"},"modified":"2022-02-04T12:18:21","modified_gmt":"2022-02-04T18:18:21","slug":"en-prision-y-vinculado-a-proceso-probable-homicida-por-delito-cometido-en-la-central-de-abasto-de-oaxaca","status":"publish","type":"noticias","link":"https:\/\/portal.fgeo.gob.mx\/index.php\/archivos\/noticias\/en-prision-y-vinculado-a-proceso-probable-homicida-por-delito-cometido-en-la-central-de-abasto-de-oaxaca","title":{"rendered":"En prisi\u00f3n y vinculado a proceso, probable homicida por delito cometido en la Central de Abasto de Oaxaca"},"content":{"rendered":"<p style=\"font-weight: 400; text-align: justify;\"><strong>Oaxaca de Ju\u00e1rez, Oax., 4 de febrero de 2022.-<\/strong>\u00a0La Fiscal\u00eda General del Estado de Oaxaca (FGEO) obtuvo auto de vinculaci\u00f3n a proceso contra persona del sexo masculino identificada como E. N. M. R., probable responsable del delito de homicidio calificado con ventaja en agravio de quien en vida respondi\u00f3 al nombre de H. L. C., cometido en Oaxaca de Ju\u00e1rez, regi\u00f3n de Valles Centrales.<\/p>\n<p style=\"font-weight: 400; text-align: justify;\">El probable responsable fue detenido en flagrancia, por polic\u00edas municipales de la capital, el pasado 27 de enero y fue presentado de forma inmediata ante el Ministerio P\u00fablico de la Fiscal\u00eda General.<\/p>\n<p style=\"font-weight: 400; text-align: justify;\">De acuerdo con la causa penal 102\/2022, la noche del 27 de enero de 2022, el imputado se encontraba en un puesto de verdura ubicado en la Central de Abasto, cuando dispar\u00f3 un arma de fuego y la bala hiri\u00f3 a la v\u00edctima H. L. C., lesi\u00f3n que lo priv\u00f3 de la vida.<\/p>\n<p style=\"font-weight: 400; text-align: justify;\">Ante estos hechos, la Instituci\u00f3n de procuraci\u00f3n de justicia \u2013a trav\u00e9s de la Fiscal\u00eda Especializada en Atenci\u00f3n a Delitos de Alto Impacto- logr\u00f3 presentar ante el juez de la causa al probable homicida.<\/p>\n<p style=\"font-weight: 400; text-align: justify;\">En audiencia y tras validar los datos probatorios, el Juez de Control dict\u00f3 auto de vinculaci\u00f3n a proceso contra E. N. M. R., imponiendo la medida cautelar de prisi\u00f3n preventiva y concedi\u00f3 un mes para el cierre de investigaci\u00f3n complementaria.<\/p>\n<p style=\"font-weight: 400; text-align: justify;\">La Fiscal\u00eda General refrenda su compromiso de garantizar justicia a v\u00edctimas de delitos, aplicando todo el rigor de la Ley a quienes resulten responsables.<\/p>\n","protected":false},"author":1,"featured_media":3175,"comment_status":"closed","ping_status":"closed","template":"","tags":[],"categoria_noticias":[],"class_list":["post-14880","noticias","type-noticias","status-publish","has-post-thumbnail","hentry"],"acf":[],"mb":[],"mfb_rest_fields":["title","gutenberg_elementor_mode"],"_links":{"self":[{"href":"https:\/\/portal.fgeo.gob.mx\/index.php\/wp-json\/wp\/v2\/noticias\/14880","targetHints":{"allow":["GET"]}}],"collection":[{"href":"https:\/\/portal.fgeo.gob.mx\/index.php\/wp-json\/wp\/v2\/noticias"}],"about":[{"href":"https:\/\/portal.fgeo.gob.mx\/index.php\/wp-json\/wp\/v2\/types\/noticias"}],"author":[{"embeddable":true,"href":"https:\/\/portal.fgeo.gob.mx\/index.php\/wp-json\/wp\/v2\/users\/1"}],"replies":[{"embeddable":true,"href":"https:\/\/portal.fgeo.gob.mx\/index.php\/wp-json\/wp\/v2\/comments?post=14880"}],"wp:featuredmedia":[{"embeddable":true,"href":"https:\/\/portal.fgeo.gob.mx\/index.php\/wp-json\/"}],"wp:attachment":[{"href":"https:\/\/portal.fgeo.gob.mx\/index.php\/wp-json\/wp\/v2\/media?parent=14880"}],"wp:term":[{"taxonomy":"post_tag","embeddable":true,"href":"https:\/\/portal.fgeo.gob.mx\/index.php\/wp-json\/wp\/v2\/tags?post=14880"},{"taxonomy":"categoria_noticias","embeddable":true,"href":"https:\/\/portal.fgeo.gob.mx\/index.php\/wp-json\/wp\/v2\/categoria_noticias?post=14880"}],"curies":[{"name":"wp","href":"https:\/\/api.w.org\/{rel}","templated":true}]}}