{"id":14879,"date":"2022-02-03T16:49:37","date_gmt":"2022-02-03T22:49:37","guid":{"rendered":"http:\/\/fge.oaxaca.gob.mx\/?post_type=noticias&amp;p=4010"},"modified":"2022-02-03T16:49:37","modified_gmt":"2022-02-03T22:49:37","slug":"combatimos-la-violencia-de-genero-y-obtenemos-resultados-logramos-vincular-a-proceso-a-dos-probables-responsables","status":"publish","type":"noticias","link":"https:\/\/portal.fgeo.gob.mx\/index.php\/archivos\/noticias\/combatimos-la-violencia-de-genero-y-obtenemos-resultados-logramos-vincular-a-proceso-a-dos-probables-responsables","title":{"rendered":"Combatimos la violencia de g\u00e9nero y obtenemos resultados; logramos vincular a proceso a dos probables responsables"},"content":{"rendered":"<ul>\n<li style=\"font-weight: 400; text-align: justify;\">La FGEO obtuvo vinculaci\u00f3n a proceso contra dos masculinos por este delito, suscitados en Santa Cruz Xoxocotl\u00e1n y Santa Luc\u00eda del Camino.<\/li>\n<\/ul>\n<p style=\"font-weight: 400; text-align: justify;\"><strong>Oaxaca de Ju\u00e1rez, Oax., 3 de febrero de 2022.-<\/strong>\u00a0La Fiscal\u00eda General del Estado de Oaxaca (FGEO) obtuvo, del Juzgado de Control, auto de vinculaci\u00f3n a proceso contra la persona del sexo masculino identificada como J. L. C., probable responsable del delito de violencia familiar en agravio de su concubina identificada como M. P. H. C. y un menor de edad, cometido en jurisdicci\u00f3n de Santa Cruz Xoxocotl\u00e1n.<\/p>\n<p style=\"font-weight: 400; text-align: justify;\">El imputado fue detenido en flagrancia por polic\u00edas municipales tras la agresi\u00f3n y puesto a disposici\u00f3n del Ministerio P\u00fablico de la FGEO.<\/p>\n<p style=\"font-weight: 400; text-align: justify;\">De acuerdo con la causa penal 97\/2022, el 25 de enero del a\u00f1o en curso, aproximadamente a las 10:40 horas, el imputado agredi\u00f3 de manera f\u00edsica a su concubina e hijo menor de edad, en el interior de su domicilio particular, ubicado en el Fraccionamiento \u201cLos C\u00e1ntaros\u201d de Xoxocotl\u00e1n.<\/p>\n<p style=\"font-weight: 400; text-align: justify;\">Luego de ser presentado ante el Juez de la causa, este determin\u00f3 vincularlo a proceso, otorgando medidas cautelares y concedi\u00f3 seis meses para el cierre de investigaci\u00f3n complementaria.<\/p>\n<p style=\"font-weight: 400; text-align: justify;\">Por otro caso de violencia familiar, asentado en la causa penal 1262\/2021, la FGEO obtuvo auto de vinculaci\u00f3n a proceso contra el masculino V. B. O., quien el 6 de octubre de 2021 agredi\u00f3 de manera f\u00edsica a su concubina S. A. M. G., en el interior de su domicilio particular, ubicado en Calicanto, Santa Luc\u00eda del Camino.<\/p>\n<p style=\"font-weight: 400; text-align: justify;\">Por estos hechos, el Juez en turno fij\u00f3 medidas cautelares y concedi\u00f3 30 d\u00edas para el cierre de investigaci\u00f3n complementaria.<\/p>\n<p style=\"font-weight: 400; text-align: justify;\">La Fiscal\u00eda General garantiza justicia plena a v\u00edctimas directas e indirectas de delitos, aplicando todo el rigor de la Ley a quienes resulten responsables.<\/p>\n","protected":false},"author":1,"featured_media":3175,"comment_status":"closed","ping_status":"closed","template":"","tags":[],"categoria_noticias":[],"class_list":["post-14879","noticias","type-noticias","status-publish","has-post-thumbnail","hentry"],"acf":[],"mb":[],"mfb_rest_fields":["title","gutenberg_elementor_mode"],"_links":{"self":[{"href":"https:\/\/portal.fgeo.gob.mx\/index.php\/wp-json\/wp\/v2\/noticias\/14879","targetHints":{"allow":["GET"]}}],"collection":[{"href":"https:\/\/portal.fgeo.gob.mx\/index.php\/wp-json\/wp\/v2\/noticias"}],"about":[{"href":"https:\/\/portal.fgeo.gob.mx\/index.php\/wp-json\/wp\/v2\/types\/noticias"}],"author":[{"embeddable":true,"href":"https:\/\/portal.fgeo.gob.mx\/index.php\/wp-json\/wp\/v2\/users\/1"}],"replies":[{"embeddable":true,"href":"https:\/\/portal.fgeo.gob.mx\/index.php\/wp-json\/wp\/v2\/comments?post=14879"}],"wp:featuredmedia":[{"embeddable":true,"href":"https:\/\/portal.fgeo.gob.mx\/index.php\/wp-json\/"}],"wp:attachment":[{"href":"https:\/\/portal.fgeo.gob.mx\/index.php\/wp-json\/wp\/v2\/media?parent=14879"}],"wp:term":[{"taxonomy":"post_tag","embeddable":true,"href":"https:\/\/portal.fgeo.gob.mx\/index.php\/wp-json\/wp\/v2\/tags?post=14879"},{"taxonomy":"categoria_noticias","embeddable":true,"href":"https:\/\/portal.fgeo.gob.mx\/index.php\/wp-json\/wp\/v2\/categoria_noticias?post=14879"}],"curies":[{"name":"wp","href":"https:\/\/api.w.org\/{rel}","templated":true}]}}