{"id":14860,"date":"2022-01-26T21:10:08","date_gmt":"2022-01-27T03:10:08","guid":{"rendered":"http:\/\/fge.oaxaca.gob.mx\/?post_type=noticias&amp;p=3989"},"modified":"2022-01-26T21:10:08","modified_gmt":"2022-01-27T03:10:08","slug":"investiga-fgeo-y-atiende-agresion-contra-periodista-ocurrida-en-la-region-de-la-mixteca","status":"publish","type":"noticias","link":"https:\/\/portal.fgeo.gob.mx\/index.php\/archivos\/noticias\/investiga-fgeo-y-atiende-agresion-contra-periodista-ocurrida-en-la-region-de-la-mixteca","title":{"rendered":"Investiga FGEO y atiende agresi\u00f3n contra periodista ocurrida en la regi\u00f3n de la Mixteca"},"content":{"rendered":"<ul>\n<li style=\"font-weight: 400; text-align: justify;\">La Fiscal\u00eda General inici\u00f3 carpeta de investigaci\u00f3n por el delito de tentativa de homicidio, en agravio del periodista identificado como J. I. S. M., cometido en el Distrito de Tlaxiaco.<\/li>\n<\/ul>\n<ul style=\"text-align: justify;\">\n<li style=\"font-weight: 400;\">La FGEO garantiza que no habr\u00e1 impunidad en este y otros casos que atenten contra la libertad de expresi\u00f3n y derechos de personas que ejercen la actividad period\u00edstica.<\/li>\n<\/ul>\n<p style=\"font-weight: 400; text-align: justify;\"><strong>\u00a0<\/strong><\/p>\n<p style=\"font-weight: 400; text-align: justify;\"><strong>Oaxaca de Ju\u00e1rez, Oax., 26 de enero de 2022.-<\/strong>\u00a0La Fiscal\u00eda General del Estado de Oaxaca (FGEO) inici\u00f3 la carpeta de investigaci\u00f3n 3034\/FIST\/JUCHITAN\/2022, contra quien o quienes resulten responsables por el delito de tentativa de homicidio en agravio del periodista J. I. S. M., cometido la madrugada de este mi\u00e9rcoles 26 de enero del a\u00f1o en curso en jurisdicci\u00f3n de Santa Mar\u00eda Yucuhiti, en el Distrito de Tlaxiaco en la regi\u00f3n de la Mixteca.<\/p>\n<p style=\"font-weight: 400; text-align: justify;\">Asimismo, a trav\u00e9s de la Fiscal\u00eda Especializada en Atenci\u00f3n a Delitos de Trascendencia Social, la FGEO da seguimiento al caso y atenci\u00f3n integral a la v\u00edctima, priorizando sus necesidades particulares.<\/p>\n<p style=\"font-weight: 400; text-align: justify;\">Los hechos se suscitaron el pasado 25 de enero, cuando la v\u00edctima se encontraba recopilando informaci\u00f3n tur\u00edstico-cultural en una cascada ubicada en inmediaciones de la poblaci\u00f3n de San Lucas Yosonicaje del referido municipio, en donde sujetos desconocidos observaron sus actividades.<\/p>\n<p style=\"font-weight: 400; text-align: justify;\">Durante la madrugada del 26 de enero, la v\u00edctima y sus escoltas decidieron trasladarse a la regi\u00f3n del Istmo de Tehuantepec, pero en el trayecto, sujetos armados los persiguieron a bordo de un veh\u00edculo y realizaron disparos de arma de fuego, pero lograron escapar ilesos.<\/p>\n<p style=\"font-weight: 400; text-align: justify;\">Luego de conocer este hecho, la Instituci\u00f3n de procuraci\u00f3n de justicia entabl\u00f3 comunicaci\u00f3n de manera inmediata con la v\u00edctima, quien se encuentra en un lugar seguro, adem\u00e1s que se le brinda atenci\u00f3n jur\u00eddica y psicol\u00f3gica; en tanto, nuestro personal multidisciplinario, conformado por Agentes Estatales de Investigaci\u00f3n, peritos y Agentes del Ministerio P\u00fablico, recopila entrevistas a la v\u00edctima y testigos, adem\u00e1s de realizar los actos de investigaci\u00f3n correspondientes.<\/p>\n<p style=\"font-weight: 400; text-align: justify;\">Cabe se\u00f1alar que la v\u00edctima refiri\u00f3 que no desea que se dicten nuevas medidas de protecci\u00f3n a su favor por estos hechos, debido a que ya cuenta con medidas de protecci\u00f3n (escoltas asignados) otorgadas por el Mecanismo Federal de Protecci\u00f3n a Periodistas.<\/p>\n<p style=\"font-weight: 400; text-align: justify;\">Desde la Fiscal\u00eda General, garantizamos que no habr\u00e1 impunidad en este y otros casos que atenten contra la libertad de expresi\u00f3n y derechos de personas que ejercen la actividad period\u00edstica.<\/p>\n","protected":false},"author":1,"featured_media":3175,"comment_status":"closed","ping_status":"closed","template":"","tags":[],"categoria_noticias":[],"class_list":["post-14860","noticias","type-noticias","status-publish","has-post-thumbnail","hentry"],"acf":[],"mb":[],"mfb_rest_fields":["title","gutenberg_elementor_mode"],"_links":{"self":[{"href":"https:\/\/portal.fgeo.gob.mx\/index.php\/wp-json\/wp\/v2\/noticias\/14860","targetHints":{"allow":["GET"]}}],"collection":[{"href":"https:\/\/portal.fgeo.gob.mx\/index.php\/wp-json\/wp\/v2\/noticias"}],"about":[{"href":"https:\/\/portal.fgeo.gob.mx\/index.php\/wp-json\/wp\/v2\/types\/noticias"}],"author":[{"embeddable":true,"href":"https:\/\/portal.fgeo.gob.mx\/index.php\/wp-json\/wp\/v2\/users\/1"}],"replies":[{"embeddable":true,"href":"https:\/\/portal.fgeo.gob.mx\/index.php\/wp-json\/wp\/v2\/comments?post=14860"}],"wp:featuredmedia":[{"embeddable":true,"href":"https:\/\/portal.fgeo.gob.mx\/index.php\/wp-json\/"}],"wp:attachment":[{"href":"https:\/\/portal.fgeo.gob.mx\/index.php\/wp-json\/wp\/v2\/media?parent=14860"}],"wp:term":[{"taxonomy":"post_tag","embeddable":true,"href":"https:\/\/portal.fgeo.gob.mx\/index.php\/wp-json\/wp\/v2\/tags?post=14860"},{"taxonomy":"categoria_noticias","embeddable":true,"href":"https:\/\/portal.fgeo.gob.mx\/index.php\/wp-json\/wp\/v2\/categoria_noticias?post=14860"}],"curies":[{"name":"wp","href":"https:\/\/api.w.org\/{rel}","templated":true}]}}