{"id":14847,"date":"2022-01-21T19:11:18","date_gmt":"2022-01-22T01:11:18","guid":{"rendered":"http:\/\/fge.oaxaca.gob.mx\/?post_type=noticias&amp;p=3974"},"modified":"2022-01-21T19:11:18","modified_gmt":"2022-01-22T01:11:18","slug":"en-el-istmo-localiza-fgeo-a-adolescente-reportada-como-no-localizada-en-el-estado-de-morelos","status":"publish","type":"noticias","link":"https:\/\/portal.fgeo.gob.mx\/index.php\/archivos\/noticias\/en-el-istmo-localiza-fgeo-a-adolescente-reportada-como-no-localizada-en-el-estado-de-morelos","title":{"rendered":"En el Istmo, localiza FGEO a adolescente reportada como No Localizada en el estado de Morelos"},"content":{"rendered":"<p style=\"font-weight: 400; text-align: justify;\"><strong>Oaxaca de Ju\u00e1rez, Oax., 21 de enero de 2022.-<\/strong>\u00a0En atenci\u00f3n a reportes de personas no localizadas y desaparecidas en la Federaci\u00f3n, la Fiscal\u00eda General del Estado de Oaxaca (FGEO) localiz\u00f3 en la regi\u00f3n del Istmo de Tehuantepec a una adolescente de 15 a\u00f1os, reportada en d\u00edas pasados como No Localizada en el Estado de Morelos.<\/p>\n<p style=\"font-weight: 400; text-align: justify;\">El pasado 15 de enero del a\u00f1o en curso, la adolescente abandon\u00f3 su domicilio, ubicado en el referido estado, sin que se tuviera noticias de su paradero, situaci\u00f3n que provoc\u00f3 que sus familiares realizaran la denuncia correspondiente y se girara ficha de b\u00fasqueda.<\/p>\n<p style=\"font-weight: 400; text-align: justify;\">La ma\u00f1ana del 20 de enero, la adolescente se present\u00f3 de forma voluntaria a la sede de la FGEO en Ciudad Ixtepec, donde rindi\u00f3 su declaraci\u00f3n y se realiz\u00f3 su certificaci\u00f3n m\u00e9dica correspondiente.<\/p>\n<p style=\"font-weight: 400; text-align: justify;\">Este viernes 21 de enero, se realiz\u00f3 el traslado y entrega de la adolescente a personal de la Unidad Especializada en Desaparici\u00f3n de Personas Regi\u00f3n Oriente de la Fiscal\u00eda General del Estado de Morelos, a fin de ser restituida con sus familiares en su lugar de origen.<\/p>\n<p style=\"font-weight: 400; text-align: justify;\">La Fiscal\u00eda General atiende de manera r\u00e1pida y oportuna casos de personas reportadas como no localizadas y desaparecidas en la entidad.<\/p>\n","protected":false},"author":1,"featured_media":3175,"comment_status":"closed","ping_status":"closed","template":"","tags":[],"categoria_noticias":[],"class_list":["post-14847","noticias","type-noticias","status-publish","has-post-thumbnail","hentry"],"acf":[],"mb":[],"mfb_rest_fields":["title","gutenberg_elementor_mode"],"_links":{"self":[{"href":"https:\/\/portal.fgeo.gob.mx\/index.php\/wp-json\/wp\/v2\/noticias\/14847","targetHints":{"allow":["GET"]}}],"collection":[{"href":"https:\/\/portal.fgeo.gob.mx\/index.php\/wp-json\/wp\/v2\/noticias"}],"about":[{"href":"https:\/\/portal.fgeo.gob.mx\/index.php\/wp-json\/wp\/v2\/types\/noticias"}],"author":[{"embeddable":true,"href":"https:\/\/portal.fgeo.gob.mx\/index.php\/wp-json\/wp\/v2\/users\/1"}],"replies":[{"embeddable":true,"href":"https:\/\/portal.fgeo.gob.mx\/index.php\/wp-json\/wp\/v2\/comments?post=14847"}],"wp:featuredmedia":[{"embeddable":true,"href":"https:\/\/portal.fgeo.gob.mx\/index.php\/wp-json\/"}],"wp:attachment":[{"href":"https:\/\/portal.fgeo.gob.mx\/index.php\/wp-json\/wp\/v2\/media?parent=14847"}],"wp:term":[{"taxonomy":"post_tag","embeddable":true,"href":"https:\/\/portal.fgeo.gob.mx\/index.php\/wp-json\/wp\/v2\/tags?post=14847"},{"taxonomy":"categoria_noticias","embeddable":true,"href":"https:\/\/portal.fgeo.gob.mx\/index.php\/wp-json\/wp\/v2\/categoria_noticias?post=14847"}],"curies":[{"name":"wp","href":"https:\/\/api.w.org\/{rel}","templated":true}]}}