{"id":14841,"date":"2022-01-19T15:54:15","date_gmt":"2022-01-19T21:54:15","guid":{"rendered":"http:\/\/fge.oaxaca.gob.mx\/?post_type=noticias&amp;p=3967"},"modified":"2022-01-19T15:54:15","modified_gmt":"2022-01-19T21:54:15","slug":"logramos-sentencia-condenatoria-contra-responsable-de-violencia-familiar-delito-cometido-en-valles-centrales","status":"publish","type":"noticias","link":"https:\/\/portal.fgeo.gob.mx\/index.php\/archivos\/noticias\/logramos-sentencia-condenatoria-contra-responsable-de-violencia-familiar-delito-cometido-en-valles-centrales","title":{"rendered":"Logramos sentencia condenatoria contra responsable de violencia familiar, delito cometido en Valles Centrales"},"content":{"rendered":"<p style=\"font-weight: 400; text-align: justify;\"><strong>Oaxaca de Ju\u00e1rez, Oax., 19 de enero de 2022.-<\/strong>\u00a0La Fiscal\u00eda General del Estado de Oaxaca (FGEO) obtuvo, del Juez de Control, sentencia condenatoria de dos a\u00f1os de prisi\u00f3n contra la persona del sexo masculino identificada como L. P. M., responsable del delito de violencia familiar en agravio de una mujer identificada como J. V. V. R. (concubina), cometido en San Jacinto Amilpas, en la regi\u00f3n de Valles Centrales.<\/p>\n<p style=\"font-weight: 400; text-align: justify;\">De acuerdo con la carpeta de investigaci\u00f3n 14531\/FMUJ\/UDVF\/2021, el 1 de mayo de 2021, el responsable agredi\u00f3 de manera f\u00edsica y verbal a la v\u00edctima cuando se encontraba en su domicilio particular, ubicado en inmediaciones de la colonia Nuevo M\u00e9xico, perteneciente al referido municipio.<\/p>\n<p style=\"font-weight: 400; text-align: justify;\">Ante este hecho y tras la denuncia presentada, la Instituci\u00f3n de procuraci\u00f3n de justicia inici\u00f3 las investigaciones correspondientes -a trav\u00e9s de la Fiscal\u00eda Especializada en Atenci\u00f3n a Delitos contra la Mujer por Raz\u00f3n de G\u00e9nero-, logrando presentar al imputado ante el Juez de la causa, quien determin\u00f3 vincularlo a proceso.<\/p>\n<p style=\"font-weight: 400; text-align: justify;\">En audiencia de procedimiento abreviado, el Juez de Control dict\u00f3 sentencia condenatoria contra L. P. M., imponiendo la pena de dos a\u00f1os, adem\u00e1s que orden\u00f3 el pago de m\u00e1s de 19 mil pesos por concepto de multa y la reparaci\u00f3n del da\u00f1o.<\/p>\n<p style=\"font-weight: 400; text-align: justify;\">La defensa de mujeres, ni\u00f1as, ni\u00f1os y adolescentes v\u00edctimas de delitos representa una labor prioritaria para la Fiscal\u00eda General, aplicando todo el rigor de la Ley a quienes resulten responsables.<\/p>\n","protected":false},"author":1,"featured_media":3175,"comment_status":"closed","ping_status":"closed","template":"","tags":[],"categoria_noticias":[],"class_list":["post-14841","noticias","type-noticias","status-publish","has-post-thumbnail","hentry"],"acf":[],"mb":[],"mfb_rest_fields":["title","gutenberg_elementor_mode"],"_links":{"self":[{"href":"https:\/\/portal.fgeo.gob.mx\/index.php\/wp-json\/wp\/v2\/noticias\/14841","targetHints":{"allow":["GET"]}}],"collection":[{"href":"https:\/\/portal.fgeo.gob.mx\/index.php\/wp-json\/wp\/v2\/noticias"}],"about":[{"href":"https:\/\/portal.fgeo.gob.mx\/index.php\/wp-json\/wp\/v2\/types\/noticias"}],"author":[{"embeddable":true,"href":"https:\/\/portal.fgeo.gob.mx\/index.php\/wp-json\/wp\/v2\/users\/1"}],"replies":[{"embeddable":true,"href":"https:\/\/portal.fgeo.gob.mx\/index.php\/wp-json\/wp\/v2\/comments?post=14841"}],"wp:featuredmedia":[{"embeddable":true,"href":"https:\/\/portal.fgeo.gob.mx\/index.php\/wp-json\/"}],"wp:attachment":[{"href":"https:\/\/portal.fgeo.gob.mx\/index.php\/wp-json\/wp\/v2\/media?parent=14841"}],"wp:term":[{"taxonomy":"post_tag","embeddable":true,"href":"https:\/\/portal.fgeo.gob.mx\/index.php\/wp-json\/wp\/v2\/tags?post=14841"},{"taxonomy":"categoria_noticias","embeddable":true,"href":"https:\/\/portal.fgeo.gob.mx\/index.php\/wp-json\/wp\/v2\/categoria_noticias?post=14841"}],"curies":[{"name":"wp","href":"https:\/\/api.w.org\/{rel}","templated":true}]}}