{"id":14839,"date":"2022-01-19T13:58:20","date_gmt":"2022-01-19T19:58:20","guid":{"rendered":"http:\/\/fge.oaxaca.gob.mx\/?post_type=noticias&amp;p=3965"},"modified":"2022-01-19T13:58:20","modified_gmt":"2022-01-19T19:58:20","slug":"ya-son-dos-personas-vinculadas-a-proceso-por-su-probable-participacion-en-violacion-tumultuaria-contra-una-nina-delito-cometido-en-soyaltepec","status":"publish","type":"noticias","link":"https:\/\/portal.fgeo.gob.mx\/index.php\/archivos\/noticias\/ya-son-dos-personas-vinculadas-a-proceso-por-su-probable-participacion-en-violacion-tumultuaria-contra-una-nina-delito-cometido-en-soyaltepec","title":{"rendered":"Ya son dos personas vinculadas a proceso por su probable participaci\u00f3n en violaci\u00f3n tumultuaria contra una ni\u00f1a; delito cometido en Soyaltepec"},"content":{"rendered":"<p style=\"font-weight: 400; text-align: justify;\"><strong>Oaxaca de Ju\u00e1rez, Oax., 19 de enero de 2022.-<\/strong>\u00a0En puntual seguimiento al caso, la Fiscal\u00eda General del Estado de Oaxaca (FGEO) obtuvo auto de vinculaci\u00f3n a proceso contra dos de los probables responsables del delito de violaci\u00f3n tumultuaria contra una ni\u00f1a (cuya identidad es reservada por ley), as\u00ed como su probable participaci\u00f3n en el delito de lesiones calificadas con las agravantes de ventaja y alevos\u00eda, cometido en la poblaci\u00f3n de Piedra de Amolar, San Miguel Soyaltepec, en la regi\u00f3n de la Cuenca del Papaloapan.<\/p>\n<p style=\"font-weight: 400; text-align: justify;\">Los hechos sucedieron el 8 de enero de 2022, en la poblaci\u00f3n de Piedra de Amolar, en donde los imputados J. M. C., alias \u201cEl Chino\u201d; y J. C. B., alias \u201cChucho Zancudo\u201d -en compa\u00f1\u00eda de otras personas- irrumpieron violentamente en un domicilio donde probablemente agredieron de forma sexual a una ni\u00f1a y tambi\u00e9n cometieron el delito de lesiones calificadas con las agravantes de ventaja y alevos\u00eda, en contra de tres mujeres identificadas como P. J. M., A.L. F. F. y E. J. M.<\/p>\n<p style=\"font-weight: 400; text-align: justify;\">Ante estos hechos y tras la denuncia presentada, la Vicefiscal\u00eda Regional de la Cuenca atrajo la investigaci\u00f3n y en una acci\u00f3n conjunta entre la Agencia Estatal de Investigaciones (AEI) y la Polic\u00eda Estatal , el pasado 15 de enero cumplimentaron una orden de cateo -asentada en el cuadernillo de antecedentes 05\/2022-, en un domicilio particular ubicado sobre la carretera Piedra de Amolar- Pescadito de Arriba, en San Miguel Soyaltepec, acci\u00f3n durante la cual se logr\u00f3 ejecutar la aprehensi\u00f3n contra el probable responsable identificado como J. M. C., alias \u201cEl Chino\u201d.<\/p>\n<p style=\"font-weight: 400; text-align: justify;\">En esa misma fecha, el imputado J. C. B. alias \u201cChucho Zancudo\u201d fue aprehendido y presentado ante el Juzgado de Control.<\/p>\n<p style=\"font-weight: 400; text-align: justify;\">En audiencia y tras validar los datos de prueba proporcionados por la FGEO, el Juez en turno determin\u00f3 vincular a proceso a los probables agresores sexuales, imponiendo la medida cautelar de prisi\u00f3n preventiva oficiosa y otorg\u00f3 tres meses para el cierre de investigaci\u00f3n.<\/p>\n<p style=\"font-weight: 400; text-align: justify;\">La Fiscal\u00eda General garantiza justicia plena a v\u00edctimas de delitos, aplicando todo el rigor de la Ley a quienes atenten contra los derechos e integridad de ni\u00f1as, ni\u00f1os, adolescentes y mujeres.<\/p>\n","protected":false},"author":1,"featured_media":3175,"comment_status":"closed","ping_status":"closed","template":"","tags":[],"categoria_noticias":[],"class_list":["post-14839","noticias","type-noticias","status-publish","has-post-thumbnail","hentry"],"acf":[],"mb":[],"mfb_rest_fields":["title","gutenberg_elementor_mode"],"_links":{"self":[{"href":"https:\/\/portal.fgeo.gob.mx\/index.php\/wp-json\/wp\/v2\/noticias\/14839","targetHints":{"allow":["GET"]}}],"collection":[{"href":"https:\/\/portal.fgeo.gob.mx\/index.php\/wp-json\/wp\/v2\/noticias"}],"about":[{"href":"https:\/\/portal.fgeo.gob.mx\/index.php\/wp-json\/wp\/v2\/types\/noticias"}],"author":[{"embeddable":true,"href":"https:\/\/portal.fgeo.gob.mx\/index.php\/wp-json\/wp\/v2\/users\/1"}],"replies":[{"embeddable":true,"href":"https:\/\/portal.fgeo.gob.mx\/index.php\/wp-json\/wp\/v2\/comments?post=14839"}],"wp:featuredmedia":[{"embeddable":true,"href":"https:\/\/portal.fgeo.gob.mx\/index.php\/wp-json\/"}],"wp:attachment":[{"href":"https:\/\/portal.fgeo.gob.mx\/index.php\/wp-json\/wp\/v2\/media?parent=14839"}],"wp:term":[{"taxonomy":"post_tag","embeddable":true,"href":"https:\/\/portal.fgeo.gob.mx\/index.php\/wp-json\/wp\/v2\/tags?post=14839"},{"taxonomy":"categoria_noticias","embeddable":true,"href":"https:\/\/portal.fgeo.gob.mx\/index.php\/wp-json\/wp\/v2\/categoria_noticias?post=14839"}],"curies":[{"name":"wp","href":"https:\/\/api.w.org\/{rel}","templated":true}]}}