{"id":14834,"date":"2022-01-17T14:08:24","date_gmt":"2022-01-17T20:08:24","guid":{"rendered":"http:\/\/fge.oaxaca.gob.mx\/?post_type=noticias&amp;p=3960"},"modified":"2022-01-17T14:08:24","modified_gmt":"2022-01-17T20:08:24","slug":"a-prision-y-vinculado-a-proceso-hombre-acusado-por-trata-de-personas-contra-dos-adolescentes-fgeo","status":"publish","type":"noticias","link":"https:\/\/portal.fgeo.gob.mx\/index.php\/archivos\/noticias\/a-prision-y-vinculado-a-proceso-hombre-acusado-por-trata-de-personas-contra-dos-adolescentes-fgeo","title":{"rendered":"A prisi\u00f3n y vinculado a proceso, hombre acusado por trata de personas contra dos adolescentes: FGEO"},"content":{"rendered":"<ul>\n<li style=\"font-weight: 400; text-align: justify;\">Agentes Estatales de Investigaci\u00f3n aprehendieron a L. G. F. O., quien probablemente explotaba laboralmente a los adolescentes.<\/li>\n<\/ul>\n<p style=\"font-weight: 400; text-align: justify;\"><strong>\u00a0<\/strong><\/p>\n<p style=\"font-weight: 400; text-align: justify;\"><strong>Oaxaca de Ju\u00e1rez, Oax., 17 de enero de 2022.-<\/strong>\u00a0La Fiscal\u00eda General del Estado de Oaxaca (FGEO), obtuvo del Juzgado de Control auto de vinculaci\u00f3n a proceso contra L. G. F. O., como probable responsable del delito de trata de personas en su modalidad de alojamiento, retenci\u00f3n\u00a0 y trabajo forzado agravado con el delito de violencia familiar en perjuicio de dos adolescentes (cuya identidad es reservada por ley), mismos que eran explotados laboralmente, hecho cometido de\u00a0 2019 a 2021 en la regi\u00f3n del Istmo de Tehuantepec.<\/p>\n<p style=\"font-weight: 400; text-align: justify;\">El probable responsable fue aprehendido por Agentes Estatales de Investigaci\u00f3n, quienes lo presentaron de forma inmediata ante la autoridad judicial que lo requiri\u00f3.<\/p>\n<p style=\"font-weight: 400; text-align: justify;\">De acuerdo con la causa penal 07\/2022, en diversas fechas desde al a\u00f1o 2019 y hasta diciembre de 2021, el imputado probablemente agredi\u00f3 de forma f\u00edsica y explotaba laboralmente a las v\u00edctimas en un rancho, ubicado en inmediaciones de Ciudad Ixtepec, perteneciente a la referida regi\u00f3n.<\/p>\n<p style=\"font-weight: 400; text-align: justify;\">Ante este hecho y tras la denuncia presentada, la Instituci\u00f3n de procuraci\u00f3n de justicia atrajo la investigaci\u00f3n -a trav\u00e9s de la Vicefiscal\u00eda Regional del Istmo-, logrando identificar, aprehender y presentar ante el Juez de Control al probable responsable.<\/p>\n<p style=\"font-weight: 400; text-align: justify;\">En audiencia y tras validar los datos de prueba proporcionados por la FGEO, el Juez en turno determin\u00f3 vincular a proceso al imputado, imponiendo la medida cautelar de prisi\u00f3n preventiva oficiosa y otorgando dos meses para el cierre de investigaci\u00f3n complementaria.<\/p>\n<p style=\"font-weight: 400; text-align: justify;\">La Fiscal\u00eda General refrenda su compromiso de proteger la integridad y los derechos humanos de mujeres, ni\u00f1as, ni\u00f1os y adolescentes, llevando ante la justicia a quienes atenten en su contra.<\/p>\n","protected":false},"author":1,"featured_media":3175,"comment_status":"closed","ping_status":"closed","template":"","tags":[],"categoria_noticias":[],"class_list":["post-14834","noticias","type-noticias","status-publish","has-post-thumbnail","hentry"],"acf":[],"mb":[],"mfb_rest_fields":["title","gutenberg_elementor_mode"],"_links":{"self":[{"href":"https:\/\/portal.fgeo.gob.mx\/index.php\/wp-json\/wp\/v2\/noticias\/14834","targetHints":{"allow":["GET"]}}],"collection":[{"href":"https:\/\/portal.fgeo.gob.mx\/index.php\/wp-json\/wp\/v2\/noticias"}],"about":[{"href":"https:\/\/portal.fgeo.gob.mx\/index.php\/wp-json\/wp\/v2\/types\/noticias"}],"author":[{"embeddable":true,"href":"https:\/\/portal.fgeo.gob.mx\/index.php\/wp-json\/wp\/v2\/users\/1"}],"replies":[{"embeddable":true,"href":"https:\/\/portal.fgeo.gob.mx\/index.php\/wp-json\/wp\/v2\/comments?post=14834"}],"wp:featuredmedia":[{"embeddable":true,"href":"https:\/\/portal.fgeo.gob.mx\/index.php\/wp-json\/"}],"wp:attachment":[{"href":"https:\/\/portal.fgeo.gob.mx\/index.php\/wp-json\/wp\/v2\/media?parent=14834"}],"wp:term":[{"taxonomy":"post_tag","embeddable":true,"href":"https:\/\/portal.fgeo.gob.mx\/index.php\/wp-json\/wp\/v2\/tags?post=14834"},{"taxonomy":"categoria_noticias","embeddable":true,"href":"https:\/\/portal.fgeo.gob.mx\/index.php\/wp-json\/wp\/v2\/categoria_noticias?post=14834"}],"curies":[{"name":"wp","href":"https:\/\/api.w.org\/{rel}","templated":true}]}}