{"id":14821,"date":"2022-01-12T19:24:51","date_gmt":"2022-01-13T01:24:51","guid":{"rendered":"http:\/\/fge.oaxaca.gob.mx\/?post_type=noticias&amp;p=3946"},"modified":"2022-01-12T19:24:51","modified_gmt":"2022-01-13T01:24:51","slug":"investigacion-de-la-fiscalia-permite-aprehension-de-dos-probables-responsables-del-feminicidio-de-la-ex-diputada-i-g-c-cometido-en-distrito-de-ocotlan","status":"publish","type":"noticias","link":"https:\/\/portal.fgeo.gob.mx\/index.php\/archivos\/noticias\/investigacion-de-la-fiscalia-permite-aprehension-de-dos-probables-responsables-del-feminicidio-de-la-ex-diputada-i-g-c-cometido-en-distrito-de-ocotlan","title":{"rendered":"Investigaci\u00f3n de la Fiscal\u00eda permite aprehensi\u00f3n de dos probables responsables del feminicidio de la ex Diputada I. G. C., cometido en Distrito de Ocotl\u00e1n"},"content":{"rendered":"<ul>\n<li style=\"font-weight: 400; text-align: justify;\">Elementos de la AEI cumplimentaron orden de aprehensi\u00f3n contra los masculinos A. I. G. B., y R. D. M. H., probables part\u00edcipes en los delitos de feminicidio y homicidio calificado.<\/li>\n<\/ul>\n<p style=\"font-weight: 400; text-align: justify;\"><strong>Oaxaca de Ju\u00e1rez, Oax., 12 de enero de 2022.-<\/strong>\u00a0En seguimiento a casos de muertes violentas suscitadas en la entidad, la Fiscal\u00eda General del Estado de Oaxaca (FGEO) logr\u00f3 aprehender y presentar ante Juez a dos personas del sexo masculino identificadas como A. I. G. B., y R. D. M. H., probables part\u00edcipes en los delitos de feminicidio en agravio de quien en vida respondi\u00f3 al nombre de I. G. C. (ex Diputada) y de homicidio calificado contra el masculino O. A. R. H., ambos casos cometidos en marzo de 2020, en el Distrito de Ocotl\u00e1n, en la regi\u00f3n de Valles Centrales.<\/p>\n<p style=\"font-weight: 400; text-align: justify;\">La aprehensi\u00f3n de los probables homicidas se logr\u00f3 gracias a una exhaustiva labor de inteligencia por parte de la Fiscal\u00eda Especializada en Atenci\u00f3n a Delitos de Alto Impacto, que a trav\u00e9s de la Agencia Estatal de Investigaciones (AEI), cumplimentaron la orden de aprehensi\u00f3n asentada en la causa penal 711\/2021.<\/p>\n<p style=\"font-weight: 400; text-align: justify;\">Los hechos se suscitaron el pasado 20 de marzo de 2021, cuando sujetos desconocidos -entre ellos los imputados- dieron alcance al veh\u00edculo en que se trasladaban las v\u00edctimas y realizaron disparos de arma de fuego en su contra, priv\u00e1ndolos de la vida en inmediaciones de la poblaci\u00f3n de Santo Tom\u00e1s Jalieza, Ocotl\u00e1n.<\/p>\n<p style=\"font-weight: 400; text-align: justify;\">Ante este crimen, la Instituci\u00f3n de procuraci\u00f3n de justicia inici\u00f3 de manera inmediata las diligencias correspondientes con perspectiva de g\u00e9nero, realizando los actos de investigaci\u00f3n que permitieron la aprehensi\u00f3n de los dos probables responsables quienes fueron detenidos el 11 de enero del a\u00f1o en curso.<\/p>\n<p style=\"font-weight: 400; text-align: justify;\">En audiencia, los imputados solicitaron la duplicidad del t\u00e9rmino constitucional, mismo que fenece el pr\u00f3ximo 17 de enero, por lo que quedaron en prisi\u00f3n preventiva provisional.<\/p>\n<p style=\"font-weight: 400; text-align: justify;\">La Fiscal\u00eda General refrenda su compromiso de garantizar justicia a v\u00edctimas directas e indirectas de delitos de alto impacto, aplicando todo el rigor de la Ley a quien o quienes resulten responsables.<\/p>\n","protected":false},"author":1,"featured_media":3175,"comment_status":"closed","ping_status":"closed","template":"","tags":[],"categoria_noticias":[],"class_list":["post-14821","noticias","type-noticias","status-publish","has-post-thumbnail","hentry"],"acf":[],"mb":[],"mfb_rest_fields":["title","gutenberg_elementor_mode"],"_links":{"self":[{"href":"https:\/\/portal.fgeo.gob.mx\/index.php\/wp-json\/wp\/v2\/noticias\/14821","targetHints":{"allow":["GET"]}}],"collection":[{"href":"https:\/\/portal.fgeo.gob.mx\/index.php\/wp-json\/wp\/v2\/noticias"}],"about":[{"href":"https:\/\/portal.fgeo.gob.mx\/index.php\/wp-json\/wp\/v2\/types\/noticias"}],"author":[{"embeddable":true,"href":"https:\/\/portal.fgeo.gob.mx\/index.php\/wp-json\/wp\/v2\/users\/1"}],"replies":[{"embeddable":true,"href":"https:\/\/portal.fgeo.gob.mx\/index.php\/wp-json\/wp\/v2\/comments?post=14821"}],"wp:featuredmedia":[{"embeddable":true,"href":"https:\/\/portal.fgeo.gob.mx\/index.php\/wp-json\/"}],"wp:attachment":[{"href":"https:\/\/portal.fgeo.gob.mx\/index.php\/wp-json\/wp\/v2\/media?parent=14821"}],"wp:term":[{"taxonomy":"post_tag","embeddable":true,"href":"https:\/\/portal.fgeo.gob.mx\/index.php\/wp-json\/wp\/v2\/tags?post=14821"},{"taxonomy":"categoria_noticias","embeddable":true,"href":"https:\/\/portal.fgeo.gob.mx\/index.php\/wp-json\/wp\/v2\/categoria_noticias?post=14821"}],"curies":[{"name":"wp","href":"https:\/\/api.w.org\/{rel}","templated":true}]}}