{"id":14812,"date":"2022-01-10T10:21:21","date_gmt":"2022-01-10T16:21:21","guid":{"rendered":"http:\/\/fge.oaxaca.gob.mx\/?post_type=noticias&amp;p=3936"},"modified":"2022-01-10T10:21:21","modified_gmt":"2022-01-10T16:21:21","slug":"logramos-vincular-a-proceso-a-sujeto-que-agredio-a-policia-municipal-en-el-distrito-de-juquila","status":"publish","type":"noticias","link":"https:\/\/portal.fgeo.gob.mx\/index.php\/archivos\/noticias\/logramos-vincular-a-proceso-a-sujeto-que-agredio-a-policia-municipal-en-el-distrito-de-juquila","title":{"rendered":"Logramos vincular a proceso a sujeto que agredi\u00f3 a polic\u00eda municipal, en el Distrito de Juquila"},"content":{"rendered":"<ul>\n<li style=\"font-weight: 400; text-align: justify;\">Por otro hecho distinto, la FGEO cumpliment\u00f3 orden de aprehensi\u00f3n contra un probable agresor sexual de una menor de edad; delito cometido en jurisdicci\u00f3n de San Pedro Pochutla<\/li>\n<\/ul>\n<p style=\"font-weight: 400; text-align: justify;\"><strong>Oaxaca de Ju\u00e1rez, Oax., 8 de enero de 2021.-<\/strong>\u00a0La Fiscal\u00eda General del Estado de Oaxaca (FGEO) obtuvo, del Juzgado de Control, auto de vinculaci\u00f3n a proceso contra la persona del sexo masculino identificada como M. C. V., probable responsable del delito de lesiones en agravio de I. C. S. C. (polic\u00eda municipal), cometido en jurisdicci\u00f3n de San Juan Lachao, Distrito de Juquila.<\/p>\n<p style=\"font-weight: 400; text-align: justify;\">De acuerdo con la causa penal 10\/2022, el 3 de enero del a\u00f1o en curso, aproximadamente a las 20:15 horas, cuando la v\u00edctima se encontraba realizando sus labores policiacas en inmediaciones del Barrio del Carmen del referido municipio, fue herida por el imputado con un objeto punzante (pica hielo).<\/p>\n<p style=\"font-weight: 400; text-align: justify;\">Luego de ser detenido por polic\u00edas municipales, el agresor fue presentado ante el Juez de la causa, quien valid\u00f3 los datos proporcionados por la Vicefiscal\u00eda Regional de la Costa y determin\u00f3 vincularlo a proceso, otorgando medidas cautelares en favor de la v\u00edctima y concedi\u00f3 30 d\u00edas para el cierre de investigaci\u00f3n complementaria.<\/p>\n<p style=\"font-weight: 400; text-align: justify;\">En otro hecho distinto ocurrido en abril de 2021 en el municipio de San Pedro Pochutla, la FGEO cumpliment\u00f3 orden de aprehensi\u00f3n -asentada en la causa penal 247\/2021- contra el masculino D. F. J. L., probable responsable del delito de violaci\u00f3n agravada en contra de una menor de edad<\/p>\n<p style=\"font-weight: 400; text-align: justify;\">El probable agresor sexual ya fue puesto a disposici\u00f3n de la autoridad ministerial correspondiente, quien resolver\u00e1 su situaci\u00f3n jur\u00eddica en las pr\u00f3ximas horas.<\/p>\n<p style=\"font-weight: 400; text-align: justify;\">La Fiscal\u00eda General garantiza justicia plena a v\u00edctimas de delitos, aplicando todo el rigor de la Ley a quienes resulten responsables.<\/p>\n","protected":false},"author":1,"featured_media":3175,"comment_status":"closed","ping_status":"closed","template":"","tags":[],"categoria_noticias":[],"class_list":["post-14812","noticias","type-noticias","status-publish","has-post-thumbnail","hentry"],"acf":[],"mb":[],"mfb_rest_fields":["title","gutenberg_elementor_mode"],"_links":{"self":[{"href":"https:\/\/portal.fgeo.gob.mx\/index.php\/wp-json\/wp\/v2\/noticias\/14812","targetHints":{"allow":["GET"]}}],"collection":[{"href":"https:\/\/portal.fgeo.gob.mx\/index.php\/wp-json\/wp\/v2\/noticias"}],"about":[{"href":"https:\/\/portal.fgeo.gob.mx\/index.php\/wp-json\/wp\/v2\/types\/noticias"}],"author":[{"embeddable":true,"href":"https:\/\/portal.fgeo.gob.mx\/index.php\/wp-json\/wp\/v2\/users\/1"}],"replies":[{"embeddable":true,"href":"https:\/\/portal.fgeo.gob.mx\/index.php\/wp-json\/wp\/v2\/comments?post=14812"}],"wp:featuredmedia":[{"embeddable":true,"href":"https:\/\/portal.fgeo.gob.mx\/index.php\/wp-json\/"}],"wp:attachment":[{"href":"https:\/\/portal.fgeo.gob.mx\/index.php\/wp-json\/wp\/v2\/media?parent=14812"}],"wp:term":[{"taxonomy":"post_tag","embeddable":true,"href":"https:\/\/portal.fgeo.gob.mx\/index.php\/wp-json\/wp\/v2\/tags?post=14812"},{"taxonomy":"categoria_noticias","embeddable":true,"href":"https:\/\/portal.fgeo.gob.mx\/index.php\/wp-json\/wp\/v2\/categoria_noticias?post=14812"}],"curies":[{"name":"wp","href":"https:\/\/api.w.org\/{rel}","templated":true}]}}