{"id":14798,"date":"2021-12-31T12:47:33","date_gmt":"2021-12-31T18:47:33","guid":{"rendered":"http:\/\/fge.oaxaca.gob.mx\/?post_type=noticias&amp;p=3902"},"modified":"2021-12-31T12:47:33","modified_gmt":"2021-12-31T18:47:33","slug":"por-el-delito-de-homicidio-cometido-en-la-canada-de-oaxaca-logramos-vinculacion-a-proceso-contra-probable-responsable","status":"publish","type":"noticias","link":"https:\/\/portal.fgeo.gob.mx\/index.php\/archivos\/noticias\/por-el-delito-de-homicidio-cometido-en-la-canada-de-oaxaca-logramos-vinculacion-a-proceso-contra-probable-responsable","title":{"rendered":"Por el delito de homicidio cometido en la Ca\u00f1ada de Oaxaca, logramos vinculaci\u00f3n a proceso contra probable responsable"},"content":{"rendered":"<p style=\"font-weight: 400; text-align: justify;\"><strong>Oaxaca de Ju\u00e1rez, Oax., 31 de diciembre 2021.-<\/strong>\u00a0La Fiscal\u00eda General del Estado de Oaxaca (FGEO), obtuvo, del Juzgado de Control, auto de vinculaci\u00f3n a proceso contra la persona del sexo masculino identificada como S. M. P., probable responsable del delito de homicidio calificado con ventaja, en agravio de quien en vida respondiera al nombre de R. A. B., cometido en jurisdicci\u00f3n de San Pedro Sochi\u00e1pam, en el Distrito de Cuicatl\u00e1n.<\/p>\n<p style=\"font-weight: 400; text-align: justify;\">De acuerdo con la causa penal 140\/2021, el 17 de diciembre del 2021, tras una persecuci\u00f3n el imputado priv\u00f3 de la vida a la v\u00edctima con un objeto corto contundente (machete), cuando se encontraban en inmediaciones del r\u00edo \u201cRetumbadero\u201d, en jurisdicci\u00f3n de San Pedro Sochi\u00e1pam.<\/p>\n<p style=\"font-weight: 400; text-align: justify;\">Ante estos hechos, la Fiscal\u00eda General inici\u00f3 una exhaustiva investigaci\u00f3n -a trav\u00e9s de la Vicefiscal\u00eda General de Control Regional-, logrando identificar y aprehender al probable responsable el pasado 26 de diciembre, cuando se encontraba en la poblaci\u00f3n de San Juan Bautista Cuicatl\u00e1n.<\/p>\n<p style=\"font-weight: 400; text-align: justify;\">En audiencia y tras validar los datos proporcionados por la FGEO, el Juez en turno determin\u00f3 vincular a proceso a S. M. P., imponiendo la medida cautelar de prisi\u00f3n preventiva y otorg\u00f3 tres meses para el cierre de investigaci\u00f3n complementaria.<\/p>\n<p style=\"font-weight: 400; text-align: justify;\">En delitos de Alto Impacto, garantizamos justicia plena a v\u00edctimas directas e indirectas, aplicando la Ley sin distingo a quienes resulten responsables.<\/p>\n","protected":false},"author":1,"featured_media":3175,"comment_status":"closed","ping_status":"closed","template":"","tags":[],"categoria_noticias":[],"class_list":["post-14798","noticias","type-noticias","status-publish","has-post-thumbnail","hentry"],"acf":[],"mb":[],"mfb_rest_fields":["title","gutenberg_elementor_mode"],"_links":{"self":[{"href":"https:\/\/portal.fgeo.gob.mx\/index.php\/wp-json\/wp\/v2\/noticias\/14798","targetHints":{"allow":["GET"]}}],"collection":[{"href":"https:\/\/portal.fgeo.gob.mx\/index.php\/wp-json\/wp\/v2\/noticias"}],"about":[{"href":"https:\/\/portal.fgeo.gob.mx\/index.php\/wp-json\/wp\/v2\/types\/noticias"}],"author":[{"embeddable":true,"href":"https:\/\/portal.fgeo.gob.mx\/index.php\/wp-json\/wp\/v2\/users\/1"}],"replies":[{"embeddable":true,"href":"https:\/\/portal.fgeo.gob.mx\/index.php\/wp-json\/wp\/v2\/comments?post=14798"}],"wp:featuredmedia":[{"embeddable":true,"href":"https:\/\/portal.fgeo.gob.mx\/index.php\/wp-json\/"}],"wp:attachment":[{"href":"https:\/\/portal.fgeo.gob.mx\/index.php\/wp-json\/wp\/v2\/media?parent=14798"}],"wp:term":[{"taxonomy":"post_tag","embeddable":true,"href":"https:\/\/portal.fgeo.gob.mx\/index.php\/wp-json\/wp\/v2\/tags?post=14798"},{"taxonomy":"categoria_noticias","embeddable":true,"href":"https:\/\/portal.fgeo.gob.mx\/index.php\/wp-json\/wp\/v2\/categoria_noticias?post=14798"}],"curies":[{"name":"wp","href":"https:\/\/api.w.org\/{rel}","templated":true}]}}