{"id":14680,"date":"2021-10-08T11:43:38","date_gmt":"2021-10-08T16:43:38","guid":{"rendered":"http:\/\/fge.oaxaca.gob.mx\/?post_type=noticias&amp;p=3700"},"modified":"2021-10-08T11:43:38","modified_gmt":"2021-10-08T16:43:38","slug":"tras-cateo-vinculan-a-proceso-a-tres-probables-narcomenudistas-que-operaban-en-acatlan-de-perez-figueroa","status":"publish","type":"noticias","link":"https:\/\/portal.fgeo.gob.mx\/index.php\/archivos\/noticias\/tras-cateo-vinculan-a-proceso-a-tres-probables-narcomenudistas-que-operaban-en-acatlan-de-perez-figueroa","title":{"rendered":"Tras cateo, vinculan a proceso a tres probables narcomenudistas que operaban en Acatl\u00e1n de P\u00e9rez Figueroa"},"content":{"rendered":"<p style=\"font-weight: 400; text-align: justify;\"><strong>Oaxaca de Ju\u00e1rez, Oax., 7 de octubre de 2021.-<\/strong>\u00a0La Fiscal\u00eda General del Estado de Oaxaca (FGEO) obtuvo, del Juzgado de Control, auto de vinculaci\u00f3n a proceso contra tres personas (dos de ellas mujeres), probables responsables de delitos contra la salud en su modalidad de posesi\u00f3n simple de cannabis sativa y en su modalidad de comercio de cannabis sativa en perjuicio de la sociedad, cometido en septiembre de 2021, en jurisdicci\u00f3n de Acatl\u00e1n de P\u00e9rez Figueroa, en la regi\u00f3n de la Cuenca.<\/p>\n<p style=\"font-weight: 400; text-align: justify;\">Se trata de las mujeres identificadas como M. R. C. y M. E. C. M., as\u00ed como el masculino I. E. C., quienes fueron detenidos en flagrancia cuando comercializaban marihuana el pasado 28 de septiembre del a\u00f1o en curso, tras un operativo ejecutado por la Instituci\u00f3n de procuraci\u00f3n de justicia en la poblaci\u00f3n de Vicente Camalote, perteneciente al referido municipio, dando cumplimiento a la orden de cateo asentada en la causa 258\/2021.<\/p>\n<p style=\"font-weight: 400; text-align: justify;\">Posteriormente, los detenidos y droga asegurada fueron puestos a disposici\u00f3n de forma inmediata ante el agente del Ministerio P\u00fablico de la FGEO.<\/p>\n<p style=\"font-weight: 400; text-align: justify;\">En audiencia y tras validar los datos de prueba proporcionados por la Vicefiscal\u00eda Regional de la Cuenca, el Juez en turno determin\u00f3 vincular a proceso a I. E. C. y M. R. C. por el delito contra la salud en su modalidad de posesi\u00f3n simple y a M. E. C. M. por el delito contra la salud en su modalidad de comercio, quedando en prisi\u00f3n preventiva de manera provisional y otorgando 30 d\u00edas para el cierre de investigaci\u00f3n complementaria.<\/p>\n<p style=\"font-weight: 400; text-align: justify;\">A trav\u00e9s de acciones permanentes para combatir el delito de narcomenudeo, la Fiscal\u00eda General desarticula c\u00e9lulas dedicadas a la venta de estupefacientes, garantizando el bienestar y la paz de las familias oaxaque\u00f1as.<\/p>\n","protected":false},"author":1,"featured_media":3175,"comment_status":"closed","ping_status":"closed","template":"","tags":[],"categoria_noticias":[],"class_list":["post-14680","noticias","type-noticias","status-publish","has-post-thumbnail","hentry"],"acf":[],"mb":[],"mfb_rest_fields":["title","gutenberg_elementor_mode"],"_links":{"self":[{"href":"https:\/\/portal.fgeo.gob.mx\/index.php\/wp-json\/wp\/v2\/noticias\/14680","targetHints":{"allow":["GET"]}}],"collection":[{"href":"https:\/\/portal.fgeo.gob.mx\/index.php\/wp-json\/wp\/v2\/noticias"}],"about":[{"href":"https:\/\/portal.fgeo.gob.mx\/index.php\/wp-json\/wp\/v2\/types\/noticias"}],"author":[{"embeddable":true,"href":"https:\/\/portal.fgeo.gob.mx\/index.php\/wp-json\/wp\/v2\/users\/1"}],"replies":[{"embeddable":true,"href":"https:\/\/portal.fgeo.gob.mx\/index.php\/wp-json\/wp\/v2\/comments?post=14680"}],"wp:featuredmedia":[{"embeddable":true,"href":"https:\/\/portal.fgeo.gob.mx\/index.php\/wp-json\/"}],"wp:attachment":[{"href":"https:\/\/portal.fgeo.gob.mx\/index.php\/wp-json\/wp\/v2\/media?parent=14680"}],"wp:term":[{"taxonomy":"post_tag","embeddable":true,"href":"https:\/\/portal.fgeo.gob.mx\/index.php\/wp-json\/wp\/v2\/tags?post=14680"},{"taxonomy":"categoria_noticias","embeddable":true,"href":"https:\/\/portal.fgeo.gob.mx\/index.php\/wp-json\/wp\/v2\/categoria_noticias?post=14680"}],"curies":[{"name":"wp","href":"https:\/\/api.w.org\/{rel}","templated":true}]}}