{"id":14410,"date":"2021-05-06T15:24:51","date_gmt":"2021-05-06T20:24:51","guid":{"rendered":"http:\/\/fge.oaxaca.gob.mx\/?post_type=noticias&amp;p=3321"},"modified":"2021-05-06T15:24:51","modified_gmt":"2021-05-06T20:24:51","slug":"logramos-aprehender-y-vincular-a-proceso-a-masculino-que-difundio-material-con-contenido-sexual-de-una-joven-en-ayotzintepec-fgeo","status":"publish","type":"noticias","link":"https:\/\/portal.fgeo.gob.mx\/index.php\/archivos\/noticias\/logramos-aprehender-y-vincular-a-proceso-a-masculino-que-difundio-material-con-contenido-sexual-de-una-joven-en-ayotzintepec-fgeo","title":{"rendered":"Logramos aprehender y vincular a proceso a masculino que difundi\u00f3 material con contenido sexual de una joven, en Ayotzintepec: FGEO"},"content":{"rendered":"<p style=\"text-align: justify;\"><strong>Oaxaca de Ju\u00e1rez, Oax., 06 de mayo de 2021.-<\/strong>\u00a0En nuestra pol\u00edtica de cero impunidad contra la violencia de g\u00e9nero contra mujeres, la Fiscal\u00eda General del Estado (FGEO) logr\u00f3 la aprehensi\u00f3n y vinculaci\u00f3n a proceso de una persona del sexo masculino identificada como J. A. H. P., por su probable responsabilidad en el delito de violaci\u00f3n a la intimidad sexual en agravio de una joven, cometido en enero de 2021, en Ayotzintepec, regi\u00f3n de la Cuenca.<\/p>\n<p style=\"text-align: justify;\">El probable responsable fue aprehendido por Agentes Estatales de Investigaci\u00f3n y presentado de forma inmediata ante la autoridad que lo requiri\u00f3, en cumplimiento a la orden de aprehensi\u00f3n girada en su contra.<\/p>\n<p style=\"text-align: justify;\">De acuerdo con la causa penal 115\/2021, la v\u00edctima sostuvo una relaci\u00f3n sentimental con J. A. H. P., quien ten\u00eda en su poder fotograf\u00edas \u00edntimas de la v\u00edctima; sin embargo, el 3 y 16 de enero de 2021, la v\u00edctima recibi\u00f3 mensajes de una cuenta privada y una p\u00e1gina de Facebook donde le mostraron publicaciones con material fotogr\u00e1fico \u00edntimo de ella, mismas que el imputado ten\u00eda en su poder.<\/p>\n<p style=\"text-align: justify;\">Ante estos hechos y tras la denuncia presentada, la Instituci\u00f3n de procuraci\u00f3n de justicia dio inicio a una exhaustiva investigaci\u00f3n, a trav\u00e9s de su personal multidisciplinario, logrando aprehender y presentar al probable responsable ante el Juez.<\/p>\n<p style=\"text-align: justify;\">En audiencia y tras validar los datos de prueba proporcionados por la FGEO, el Juez en turno determin\u00f3 vincular a proceso al imputado, otorgando tres meses para el cierre de investigaci\u00f3n complementaria.<\/p>\n<p style=\"text-align: justify;\">La Fiscal\u00eda General reitera en los hechos su compromiso de llevar ante la justicia a quien o quienes atenten contra la intimidad y derechos de las y los oaxaque\u00f1os.<\/p>\n","protected":false},"author":1,"featured_media":3175,"comment_status":"closed","ping_status":"closed","template":"","tags":[],"categoria_noticias":[],"class_list":["post-14410","noticias","type-noticias","status-publish","has-post-thumbnail","hentry"],"acf":[],"mb":[],"mfb_rest_fields":["title","gutenberg_elementor_mode"],"_links":{"self":[{"href":"https:\/\/portal.fgeo.gob.mx\/index.php\/wp-json\/wp\/v2\/noticias\/14410","targetHints":{"allow":["GET"]}}],"collection":[{"href":"https:\/\/portal.fgeo.gob.mx\/index.php\/wp-json\/wp\/v2\/noticias"}],"about":[{"href":"https:\/\/portal.fgeo.gob.mx\/index.php\/wp-json\/wp\/v2\/types\/noticias"}],"author":[{"embeddable":true,"href":"https:\/\/portal.fgeo.gob.mx\/index.php\/wp-json\/wp\/v2\/users\/1"}],"replies":[{"embeddable":true,"href":"https:\/\/portal.fgeo.gob.mx\/index.php\/wp-json\/wp\/v2\/comments?post=14410"}],"wp:featuredmedia":[{"embeddable":true,"href":"https:\/\/portal.fgeo.gob.mx\/index.php\/wp-json\/"}],"wp:attachment":[{"href":"https:\/\/portal.fgeo.gob.mx\/index.php\/wp-json\/wp\/v2\/media?parent=14410"}],"wp:term":[{"taxonomy":"post_tag","embeddable":true,"href":"https:\/\/portal.fgeo.gob.mx\/index.php\/wp-json\/wp\/v2\/tags?post=14410"},{"taxonomy":"categoria_noticias","embeddable":true,"href":"https:\/\/portal.fgeo.gob.mx\/index.php\/wp-json\/wp\/v2\/categoria_noticias?post=14410"}],"curies":[{"name":"wp","href":"https:\/\/api.w.org\/{rel}","templated":true}]}}