{"id":14322,"date":"2021-03-15T13:22:28","date_gmt":"2021-03-15T19:22:28","guid":{"rendered":"http:\/\/fge.oaxaca.gob.mx\/?post_type=noticias&amp;p=3205"},"modified":"2021-03-15T13:22:28","modified_gmt":"2021-03-15T19:22:28","slug":"aprehende-fgeo-y-lleva-a-audiencia-a-segundo-probable-implicado-en-el-asesinato-de-integrante-del-fpr","status":"publish","type":"noticias","link":"https:\/\/portal.fgeo.gob.mx\/index.php\/archivos\/noticias\/aprehende-fgeo-y-lleva-a-audiencia-a-segundo-probable-implicado-en-el-asesinato-de-integrante-del-fpr","title":{"rendered":"Aprehende FGEO y lleva a audiencia a segundo probable implicado en el asesinato de integrante del FPR"},"content":{"rendered":"<ul>\n<li style=\"font-weight: 400; text-align: justify;\">El segundo probable responsable identificado como G. D. H. R, fue aprehendido por Agentes Estatales de Investigaci\u00f3n, en Ejutla de Crespo.<\/li>\n<\/ul>\n<ul style=\"text-align: justify;\">\n<li style=\"font-weight: 400;\">El primero de los implicados como R. S. E. o R. S. E., fue aprehendido en noviembre de 2020 y actualmente se encuentra vinculado a proceso.<\/li>\n<\/ul>\n<p style=\"font-weight: 400; text-align: justify;\"><strong>Oaxaca de Ju\u00e1rez, Oax., 15 de marzo de 2021.-\u00a0<\/strong>La Fiscal\u00eda General del Estado de Oaxaca (FGEO), logr\u00f3 aprehender y obtuvo prisi\u00f3n preventiva contra G. D. H. R., se\u00f1alado como segundo implicado en el homicidio de T. J. M. P., -integrante del Frente Popular Revolucionario- suscitado en agosto de 2020, en jurisdicci\u00f3n de \u00c1nimas Trujano, regi\u00f3n de Valles Centrales.<\/p>\n<p style=\"font-weight: 400; text-align: justify;\">El imputado fue aprehendido por Agentes Estatales de Investigaci\u00f3n en jurisdicci\u00f3n de Ejutla de Crespo y presentado de forma inmediata ante la autoridad judicial correspondiente, dando cumplimiento a la orden de aprehensi\u00f3n asentada en la causa penal 737\/2020.<\/p>\n<p style=\"font-weight: 400; text-align: justify;\">Los hechos se suscitaron el 24 de agosto de 2020, alrededor de las 18:10 horas, cuando sujetos \u2013entre ellos el probable responsable- agredieron con disparos de arma de fuego a T. J. M. P., caus\u00e1ndole la muerte e hiriendo al masculino R. G., en el interior de un negocio ubicado en el municipio de \u00c1nimas Trujano.<\/p>\n<p style=\"font-weight: 400; text-align: justify;\">Por estos hechos, la Instituci\u00f3n de procuraci\u00f3n de justicia inici\u00f3 una exhaustiva y diligente investigaci\u00f3n \u2013a trav\u00e9s de la Fiscal\u00eda Especializada en Atenci\u00f3n a Delitos de Alto Impacto-, logrando en primera instancia identificar, aprehender y presentar a R. S. E. o R. S. E. ante el Juez de Control, quien determin\u00f3 vincularlo a proceso.<\/p>\n<p style=\"font-weight: 400; text-align: justify;\">En audiencia, el segundo probable implicado solicit\u00f3 la duplicidad del t\u00e9rmino constitucional, mismo que fenece el pr\u00f3ximo 18 de marzo de 2021, quedando en tanto en prisi\u00f3n preventiva.<\/p>\n<p style=\"font-weight: 400; text-align: justify;\">La Fiscal\u00eda General refrenda su compromiso de llevar ante la justicia a quienes cometen estos delitos y atentan contra la paz de las familias oaxaque\u00f1as.<\/p>\n","protected":false},"author":1,"featured_media":3175,"comment_status":"closed","ping_status":"closed","template":"","tags":[],"categoria_noticias":[],"class_list":["post-14322","noticias","type-noticias","status-publish","has-post-thumbnail","hentry"],"acf":[],"mb":[],"mfb_rest_fields":["title","gutenberg_elementor_mode"],"_links":{"self":[{"href":"https:\/\/portal.fgeo.gob.mx\/index.php\/wp-json\/wp\/v2\/noticias\/14322","targetHints":{"allow":["GET"]}}],"collection":[{"href":"https:\/\/portal.fgeo.gob.mx\/index.php\/wp-json\/wp\/v2\/noticias"}],"about":[{"href":"https:\/\/portal.fgeo.gob.mx\/index.php\/wp-json\/wp\/v2\/types\/noticias"}],"author":[{"embeddable":true,"href":"https:\/\/portal.fgeo.gob.mx\/index.php\/wp-json\/wp\/v2\/users\/1"}],"replies":[{"embeddable":true,"href":"https:\/\/portal.fgeo.gob.mx\/index.php\/wp-json\/wp\/v2\/comments?post=14322"}],"wp:featuredmedia":[{"embeddable":true,"href":"https:\/\/portal.fgeo.gob.mx\/index.php\/wp-json\/"}],"wp:attachment":[{"href":"https:\/\/portal.fgeo.gob.mx\/index.php\/wp-json\/wp\/v2\/media?parent=14322"}],"wp:term":[{"taxonomy":"post_tag","embeddable":true,"href":"https:\/\/portal.fgeo.gob.mx\/index.php\/wp-json\/wp\/v2\/tags?post=14322"},{"taxonomy":"categoria_noticias","embeddable":true,"href":"https:\/\/portal.fgeo.gob.mx\/index.php\/wp-json\/wp\/v2\/categoria_noticias?post=14322"}],"curies":[{"name":"wp","href":"https:\/\/api.w.org\/{rel}","templated":true}]}}