{"id":14204,"date":"2020-12-02T16:08:14","date_gmt":"2020-12-02T22:08:14","guid":{"rendered":"http:\/\/fge.oaxaca.gob.mx\/?post_type=noticias&amp;p=3066"},"modified":"2020-12-02T16:08:14","modified_gmt":"2020-12-02T22:08:14","slug":"logra-fiscalia-general-aprehender-en-oaxaca-a-el-babas-probable-lider-criminal-y-responsable-de-diversos-delitos-cometidos-en-puebla","status":"publish","type":"noticias","link":"https:\/\/portal.fgeo.gob.mx\/index.php\/archivos\/noticias\/logra-fiscalia-general-aprehender-en-oaxaca-a-el-babas-probable-lider-criminal-y-responsable-de-diversos-delitos-cometidos-en-puebla","title":{"rendered":"Logra Fiscal\u00eda General aprehender en Oaxaca a \u201cEl Babas\u201d, probable l\u00edder criminal y responsable de diversos delitos cometidos en Puebla"},"content":{"rendered":"<ul>\n<li style=\"font-weight: 400; text-align: justify;\">En el municipio de Santa Cruz Xoxocotl\u00e1n, Agentes Estatales de Investigaci\u00f3n aprehendieron a C. L. A. o J. C. L. A., alias \u201cEl Babas\u201d.<\/li>\n<\/ul>\n<ul style=\"text-align: justify;\">\n<li style=\"font-weight: 400;\">Es se\u00f1alado, entre otros delitos, por el homicidio del masculino A. R. G., cometido en agosto de 2019 en Ajalpan, Puebla.<\/li>\n<\/ul>\n<p style=\"font-weight: 400; text-align: justify;\">Oaxaca\u00a0<strong>de Ju\u00e1rez, Oax., 2 de diciembre de 2020.-<\/strong>\u00a0La Fiscal\u00eda General del Estado de Oaxaca (FGEO), logr\u00f3 la aprehensi\u00f3n del masculino C. L. A. o J. C. L. A., alias \u201cEl Babas\u201d, objetivo prioritario de las Instituciones de seguridad y procuraci\u00f3n de justicia del pa\u00eds, al ser se\u00f1alado como probable responsable de diversos delitos relacionados con el crimen organizado cometidos en el estado de Puebla.<\/p>\n<p style=\"font-weight: 400; text-align: justify;\">La Instituci\u00f3n de procuraci\u00f3n de justicia logr\u00f3 la aprehensi\u00f3n del imputado \u2013a trav\u00e9s de la Agencia Estatal de Investigaciones-, luego de coordinar y ejecutar un operativo en jurisdicci\u00f3n de Santa Cruz Xoxocotl\u00e1n y presentado de forma inmediata ante la autoridad correspondiente, dando cumplimiento a la orden de aprehensi\u00f3n 433\/2019\/TEHUAC\u00c1N, girada por el Juzgado de Oralidad Penal y Ejecuci\u00f3n Regi\u00f3n Judicial Sur Oriente del estado de Puebla.<\/p>\n<p style=\"font-weight: 400; text-align: justify;\">El aseguramiento del imputado se realiz\u00f3 el pasado 1 de diciembre, cuando circulaba a bordo de una motocicleta a la altura del Camino Antiguo a Cuil\u00e1pam de Guerrero, Agencia de Esquipulas del referido municipio.<\/p>\n<p style=\"font-weight: 400; text-align: justify;\">Cabe se\u00f1alar que el imputado es se\u00f1alado como probable l\u00edder de \u201cLa Banda del Babas\u201d, dedicada al narcomenudeo y al huachicoleo que operaba en la ciudad de Ajalpan, Puebla y ser\u00e1 trasladado para ser presentado ante las autoridades judiciales de ese estado.<\/p>\n<p style=\"font-weight: 400; text-align: justify;\">Con estas acciones, la Fiscal\u00eda General reafirma su compromiso de sumar esfuerzos con las fiscal\u00edas y procuradur\u00edas de la Federaci\u00f3n y con ello, hacer m\u00e1s eficiente el sistema de justicia en el pa\u00eds.<\/p>\n","protected":false},"author":1,"featured_media":2817,"comment_status":"closed","ping_status":"closed","template":"","tags":[],"categoria_noticias":[],"class_list":["post-14204","noticias","type-noticias","status-publish","has-post-thumbnail","hentry"],"acf":[],"mb":[],"mfb_rest_fields":["title","gutenberg_elementor_mode"],"_links":{"self":[{"href":"https:\/\/portal.fgeo.gob.mx\/index.php\/wp-json\/wp\/v2\/noticias\/14204","targetHints":{"allow":["GET"]}}],"collection":[{"href":"https:\/\/portal.fgeo.gob.mx\/index.php\/wp-json\/wp\/v2\/noticias"}],"about":[{"href":"https:\/\/portal.fgeo.gob.mx\/index.php\/wp-json\/wp\/v2\/types\/noticias"}],"author":[{"embeddable":true,"href":"https:\/\/portal.fgeo.gob.mx\/index.php\/wp-json\/wp\/v2\/users\/1"}],"replies":[{"embeddable":true,"href":"https:\/\/portal.fgeo.gob.mx\/index.php\/wp-json\/wp\/v2\/comments?post=14204"}],"wp:featuredmedia":[{"embeddable":true,"href":"https:\/\/portal.fgeo.gob.mx\/index.php\/wp-json\/"}],"wp:attachment":[{"href":"https:\/\/portal.fgeo.gob.mx\/index.php\/wp-json\/wp\/v2\/media?parent=14204"}],"wp:term":[{"taxonomy":"post_tag","embeddable":true,"href":"https:\/\/portal.fgeo.gob.mx\/index.php\/wp-json\/wp\/v2\/tags?post=14204"},{"taxonomy":"categoria_noticias","embeddable":true,"href":"https:\/\/portal.fgeo.gob.mx\/index.php\/wp-json\/wp\/v2\/categoria_noticias?post=14204"}],"curies":[{"name":"wp","href":"https:\/\/api.w.org\/{rel}","templated":true}]}}