{"id":14199,"date":"2020-11-26T19:25:38","date_gmt":"2020-11-27T01:25:38","guid":{"rendered":"http:\/\/fge.oaxaca.gob.mx\/?post_type=noticias&amp;p=3060"},"modified":"2020-11-26T19:25:38","modified_gmt":"2020-11-27T01:25:38","slug":"enviamos-a-prision-y-logramos-vincular-a-proceso-a-otro-violador-de-adolescente-en-la-region-de-valles-centrales-fiscalia-general","status":"publish","type":"noticias","link":"https:\/\/portal.fgeo.gob.mx\/index.php\/archivos\/noticias\/enviamos-a-prision-y-logramos-vincular-a-proceso-a-otro-violador-de-adolescente-en-la-region-de-valles-centrales-fiscalia-general","title":{"rendered":"Enviamos a prisi\u00f3n y logramos vincular a proceso a otro violador de adolescente, en la regi\u00f3n de Valles Centrales: Fiscal\u00eda General"},"content":{"rendered":"<p style=\"font-weight: 400; text-align: justify;\"><strong>Oaxaca de Ju\u00e1rez, Oax., 26 de noviembre de 2020.-<\/strong>\u00a0Por solicitud de la Fiscal\u00eda General del Estado de Oaxaca (FGEO), el Juzgado de Control dict\u00f3 auto de vinculaci\u00f3n a proceso contra el masculino M. C. L., probable responsable del delito de violaci\u00f3n agravada contra una adolescente de 15 a\u00f1os, cometido durante los a\u00f1os 2016 y 2017.<\/p>\n<p style=\"font-weight: 400; text-align: justify;\">El probable responsable fue aprehendido por Agentes Estatales de Investigaci\u00f3n y presentado de forma inmediata ante la autoridad judicial que lo requiri\u00f3, dando cumplimiento a la orden de aprehensi\u00f3n asentada en la causa penal 390\/2020.<\/p>\n<p style=\"font-weight: 400; text-align: justify;\">Los hechos se suscitaron en diferentes fechas de 2016 y 2017, cuando el imputado agredi\u00f3 sexualmente a la v\u00edctima en su domicilio particular, ubicado en jurisdicci\u00f3n de San Antonio de la Cal, regi\u00f3n de Valles Centrales.<\/p>\n<p style=\"font-weight: 400; text-align: justify;\">Ante estos hechos y tras la denuncia presentada por familiares de la v\u00edctima, la Instituci\u00f3n de procuraci\u00f3n de justicia inici\u00f3 una exhaustiva investigaci\u00f3n \u2013a trav\u00e9s de la Fiscal\u00eda Especializada en Atenci\u00f3n a Delitos contra la Mujer por Raz\u00f3n de G\u00e9nero-, logrando aprehender y presentar ante el Juez de Control de Valles Centrales al probable agresor sexual.<\/p>\n<p style=\"font-weight: 400; text-align: justify;\">En audiencia y tras validar los datos de prueba proporcionados por la FGEO, el Juez en turno determin\u00f3 vincular a proceso a M. C. L., imponi\u00e9ndole la medida cautelar de prisi\u00f3n preventiva oficiosa y otorgando tres meses para el cierre de investigaci\u00f3n.<\/p>\n<p style=\"font-weight: 400; text-align: justify;\">La defensa de ni\u00f1as, ni\u00f1os, adolescentes y mujeres, representa una prioridad para la Fiscal\u00eda General, presentando ante la justicia y aplicando la Ley sin distingo a quienes resulten responsables.<\/p>\n","protected":false},"author":1,"featured_media":2817,"comment_status":"closed","ping_status":"closed","template":"","tags":[],"categoria_noticias":[],"class_list":["post-14199","noticias","type-noticias","status-publish","has-post-thumbnail","hentry"],"acf":[],"mb":[],"mfb_rest_fields":["title","gutenberg_elementor_mode"],"_links":{"self":[{"href":"https:\/\/portal.fgeo.gob.mx\/index.php\/wp-json\/wp\/v2\/noticias\/14199","targetHints":{"allow":["GET"]}}],"collection":[{"href":"https:\/\/portal.fgeo.gob.mx\/index.php\/wp-json\/wp\/v2\/noticias"}],"about":[{"href":"https:\/\/portal.fgeo.gob.mx\/index.php\/wp-json\/wp\/v2\/types\/noticias"}],"author":[{"embeddable":true,"href":"https:\/\/portal.fgeo.gob.mx\/index.php\/wp-json\/wp\/v2\/users\/1"}],"replies":[{"embeddable":true,"href":"https:\/\/portal.fgeo.gob.mx\/index.php\/wp-json\/wp\/v2\/comments?post=14199"}],"wp:featuredmedia":[{"embeddable":true,"href":"https:\/\/portal.fgeo.gob.mx\/index.php\/wp-json\/"}],"wp:attachment":[{"href":"https:\/\/portal.fgeo.gob.mx\/index.php\/wp-json\/wp\/v2\/media?parent=14199"}],"wp:term":[{"taxonomy":"post_tag","embeddable":true,"href":"https:\/\/portal.fgeo.gob.mx\/index.php\/wp-json\/wp\/v2\/tags?post=14199"},{"taxonomy":"categoria_noticias","embeddable":true,"href":"https:\/\/portal.fgeo.gob.mx\/index.php\/wp-json\/wp\/v2\/categoria_noticias?post=14199"}],"curies":[{"name":"wp","href":"https:\/\/api.w.org\/{rel}","templated":true}]}}