{"id":14166,"date":"2020-10-26T18:42:06","date_gmt":"2020-10-27T00:42:06","guid":{"rendered":"http:\/\/fge.oaxaca.gob.mx\/?post_type=noticias&amp;p=3014"},"modified":"2020-10-26T18:42:06","modified_gmt":"2020-10-27T00:42:06","slug":"en-chiapas-logra-fiscalia-general-aprehender-a-masculino-que-probablemente-privo-de-la-vida-a-dos-personas-en-la-region-del-istmo","status":"publish","type":"noticias","link":"https:\/\/portal.fgeo.gob.mx\/index.php\/archivos\/noticias\/en-chiapas-logra-fiscalia-general-aprehender-a-masculino-que-probablemente-privo-de-la-vida-a-dos-personas-en-la-region-del-istmo","title":{"rendered":"En Chiapas, logra Fiscal\u00eda General aprehender a masculino que probablemente priv\u00f3 de la vida a dos personas, en la regi\u00f3n del Istmo"},"content":{"rendered":"<ul>\n<li style=\"font-weight: 400; text-align: justify;\">Agentes Estatales de Investigaci\u00f3n y de la Polic\u00eda Especializada de Chiapas, aprehendieron a M. S. M., alias \u201cLa Mar\u00eda\u201d o \u201cChaquiste\u201d, por el delito de homicidio cometido en agosto de 2016.<\/li>\n<\/ul>\n<p style=\"font-weight: 400; text-align: justify;\"><strong>Oaxaca de Ju\u00e1rez, Oax., 26 de octubre de 2020.-\u00a0<\/strong>La ininterrumpida labor contra la criminalidad por parte de la Fiscal\u00eda General del Estado de Oaxaca (FGEO), dio como resultado la aprehensi\u00f3n en el estado de Chiapas del imputado M. S. M., alias \u201cLa Mar\u00eda\u201d o \u201cChaquiste\u201d, se\u00f1alado como probable responsable del delito de homicidio calificado con ventaja, en agravio de dos masculinos, cometido en agosto de 2016 en jurisdicci\u00f3n de Juchit\u00e1n de Zaragoza.<\/p>\n<p style=\"font-weight: 400; text-align: justify;\">El probable responsable fue aprehendido por Agentes Estatales de Investigaci\u00f3n y de la Polic\u00eda Especializada de Chiapas, sobre el tramo Arriaga \u2013Tonal\u00e1 y trasladado de forma inmediata ante la autoridad judicial que lo requiri\u00f3.<\/p>\n<p style=\"font-weight: 400; text-align: justify;\">De acuerdo con la causa penal 324\/2016, el 14 de agosto de 2016, alrededor de las 22:15 horas, el imputado probablemente priv\u00f3 de la vida con disparos de arma de fuego a los masculinos J. G. H. y J. M. L. R., en el municipio de Juchit\u00e1n de Zaragoza.<\/p>\n<p style=\"font-weight: 400; text-align: justify;\">Ante estos hechos, la Instituci\u00f3n de procuraci\u00f3n de justicia inici\u00f3 las diligencias correspondientes \u2013a trav\u00e9s de la Vicefiscal\u00eda Regional del Istmo- y en colaboraci\u00f3n de autoridades policiales de Chiapas, lograron su aprehensi\u00f3n.<\/p>\n<p style=\"font-weight: 400; text-align: justify;\">En audiencia, la defensa del imputado solicit\u00f3 ampliaci\u00f3n del t\u00e9rmino constitucional, mismo que fenece el 29 de octubre de 2020, quedando en tanto en prisi\u00f3n preventiva provisional.<\/p>\n<p style=\"font-weight: 400; text-align: justify;\">La Fiscal\u00eda General refrenda en los hechos su compromiso de actuar con todo el rigor de la Ley en contra de quien atente contra la integridad y paz de las familias oaxaque\u00f1as.<\/p>\n","protected":false},"author":1,"featured_media":2817,"comment_status":"closed","ping_status":"closed","template":"","tags":[],"categoria_noticias":[],"class_list":["post-14166","noticias","type-noticias","status-publish","has-post-thumbnail","hentry"],"acf":[],"mb":[],"mfb_rest_fields":["title","gutenberg_elementor_mode"],"_links":{"self":[{"href":"https:\/\/portal.fgeo.gob.mx\/index.php\/wp-json\/wp\/v2\/noticias\/14166","targetHints":{"allow":["GET"]}}],"collection":[{"href":"https:\/\/portal.fgeo.gob.mx\/index.php\/wp-json\/wp\/v2\/noticias"}],"about":[{"href":"https:\/\/portal.fgeo.gob.mx\/index.php\/wp-json\/wp\/v2\/types\/noticias"}],"author":[{"embeddable":true,"href":"https:\/\/portal.fgeo.gob.mx\/index.php\/wp-json\/wp\/v2\/users\/1"}],"replies":[{"embeddable":true,"href":"https:\/\/portal.fgeo.gob.mx\/index.php\/wp-json\/wp\/v2\/comments?post=14166"}],"wp:featuredmedia":[{"embeddable":true,"href":"https:\/\/portal.fgeo.gob.mx\/index.php\/wp-json\/"}],"wp:attachment":[{"href":"https:\/\/portal.fgeo.gob.mx\/index.php\/wp-json\/wp\/v2\/media?parent=14166"}],"wp:term":[{"taxonomy":"post_tag","embeddable":true,"href":"https:\/\/portal.fgeo.gob.mx\/index.php\/wp-json\/wp\/v2\/tags?post=14166"},{"taxonomy":"categoria_noticias","embeddable":true,"href":"https:\/\/portal.fgeo.gob.mx\/index.php\/wp-json\/wp\/v2\/categoria_noticias?post=14166"}],"curies":[{"name":"wp","href":"https:\/\/api.w.org\/{rel}","templated":true}]}}