{"id":14163,"date":"2020-10-21T16:45:34","date_gmt":"2020-10-21T21:45:34","guid":{"rendered":"http:\/\/fge.oaxaca.gob.mx\/?post_type=noticias&amp;p=3011"},"modified":"2020-10-21T16:45:34","modified_gmt":"2020-10-21T21:45:34","slug":"tras-cateo-en-juchitan-fiscalia-general-aprehende-a-probable-homicida-y-lo-presenta-ante-juez-se-le-aseguraron-armas-cartuchos-y-droga","status":"publish","type":"noticias","link":"https:\/\/portal.fgeo.gob.mx\/index.php\/archivos\/noticias\/tras-cateo-en-juchitan-fiscalia-general-aprehende-a-probable-homicida-y-lo-presenta-ante-juez-se-le-aseguraron-armas-cartuchos-y-droga","title":{"rendered":"Tras cateo en Juchit\u00e1n, Fiscal\u00eda General aprehende a probable homicida y lo presenta ante Juez; se le aseguraron armas, cartuchos y droga"},"content":{"rendered":"<ul>\n<li style=\"font-weight: 400; text-align: justify;\">Agentes Estatales de Investigaci\u00f3n lograron aprehender a J. H. R., quien probablemente priv\u00f3 de la vida a un masculino, en diciembre de 2017.<\/li>\n<\/ul>\n<p style=\"font-weight: 400; text-align: justify;\"><strong>Oaxaca de Ju\u00e1rez, Oax., 21 de octubre de 2020.-<\/strong>\u00a0Sin tregua en el combate a la criminalidad, la Fiscal\u00eda General del Estado de Oaxaca (FGEO), ejecut\u00f3 un cateo m\u00e1s en la regi\u00f3n del Istmo de Tehuantepec, dando cumplimiento a la orden de aprehensi\u00f3n girada contra J. H. R., se\u00f1alado como probable homicida de un masculino cometido en diciembre de 2017 en la Heroica Ciudad de Juchit\u00e1n de Zaragoza.<\/p>\n<p style=\"font-weight: 400; text-align: justify;\">El cateo fue coordinado y ejecutado por la Instituci\u00f3n de procuraci\u00f3n de justicia \u2013a trav\u00e9s de la Agencia Estatal de Investigaciones- en un domicilio ubicado en la calle ferrocarril sin n\u00famero de la Cuarta Secci\u00f3n de Juchit\u00e1n de Zaragoza, dando cumplimiento a la orden de cateo asentada en la causa penal 002\/2020.<\/p>\n<p style=\"font-weight: 400; text-align: justify;\">Durante el cateo, Agentes Estatales de Investigaci\u00f3n lograron la detenci\u00f3n de J. H. R., -quien es se\u00f1alado como probable homicida del masculino J. C. C. S.-, adem\u00e1s de asegurar un arma larga tipo fusil, un arma corta, diversos elementos bal\u00edsticos, cartuchos, polvo blanco, dinero en efectivo y 4 radios port\u00e1tiles.<\/p>\n<p style=\"font-weight: 400; text-align: justify;\">Al ser llevado a audiencia, la defensa del imputado solicit\u00f3 la ampliaci\u00f3n del t\u00e9rmino constitucional, el cual vence el pr\u00f3ximo 26 de octubre, permaneciendo en tanto en prisi\u00f3n preventiva.<\/p>\n<p style=\"font-weight: 400; text-align: justify;\">A trav\u00e9s de estas acciones, la Instituci\u00f3n de procuraci\u00f3n de justicia reitera en los hechos su compromiso de combatir sin tregua a la delincuencia, a fin de brindar la paz social que exige y merece el pueblo de Oaxaca.<\/p>\n","protected":false},"author":1,"featured_media":2817,"comment_status":"closed","ping_status":"closed","template":"","tags":[],"categoria_noticias":[],"class_list":["post-14163","noticias","type-noticias","status-publish","has-post-thumbnail","hentry"],"acf":[],"mb":[],"mfb_rest_fields":["title","gutenberg_elementor_mode"],"_links":{"self":[{"href":"https:\/\/portal.fgeo.gob.mx\/index.php\/wp-json\/wp\/v2\/noticias\/14163","targetHints":{"allow":["GET"]}}],"collection":[{"href":"https:\/\/portal.fgeo.gob.mx\/index.php\/wp-json\/wp\/v2\/noticias"}],"about":[{"href":"https:\/\/portal.fgeo.gob.mx\/index.php\/wp-json\/wp\/v2\/types\/noticias"}],"author":[{"embeddable":true,"href":"https:\/\/portal.fgeo.gob.mx\/index.php\/wp-json\/wp\/v2\/users\/1"}],"replies":[{"embeddable":true,"href":"https:\/\/portal.fgeo.gob.mx\/index.php\/wp-json\/wp\/v2\/comments?post=14163"}],"wp:featuredmedia":[{"embeddable":true,"href":"https:\/\/portal.fgeo.gob.mx\/index.php\/wp-json\/"}],"wp:attachment":[{"href":"https:\/\/portal.fgeo.gob.mx\/index.php\/wp-json\/wp\/v2\/media?parent=14163"}],"wp:term":[{"taxonomy":"post_tag","embeddable":true,"href":"https:\/\/portal.fgeo.gob.mx\/index.php\/wp-json\/wp\/v2\/tags?post=14163"},{"taxonomy":"categoria_noticias","embeddable":true,"href":"https:\/\/portal.fgeo.gob.mx\/index.php\/wp-json\/wp\/v2\/categoria_noticias?post=14163"}],"curies":[{"name":"wp","href":"https:\/\/api.w.org\/{rel}","templated":true}]}}