{"id":13859,"date":"2018-04-26T08:33:50","date_gmt":"2018-04-26T13:33:50","guid":{"rendered":"http:\/\/fge.oaxaca.gob.mx\/?post_type=noticias&amp;p=1129"},"modified":"2018-04-26T08:33:50","modified_gmt":"2018-04-26T13:33:50","slug":"detiene-la-fiscalia-general-a-probable-homicida-en-la-costa","status":"publish","type":"noticias","link":"https:\/\/portal.fgeo.gob.mx\/index.php\/archivos\/noticias\/detiene-la-fiscalia-general-a-probable-homicida-en-la-costa","title":{"rendered":"DETIENE LA FISCAL\u00cdA GENERAL A   PROBABLE HOMICIDA EN LA COSTA"},"content":{"rendered":"<p>La Vicefiscalia Regional de la Costa a trav\u00e9s de la Agencia Estatal de Investigaciones, logr\u00f3 la detenci\u00f3n de Justo R., en cumplimiento a la orden de aprehensi\u00f3n que libr\u00f3 el juez de Puerto Escondido como probable responsable del delito de HOMICIDIO CALIFICADO cometido en agravio de quien en vida respondi\u00f3 al nombre de Jorge C.R.<\/p>\n<p>Los hechos se registraron en agosto del  2016, en San Jos\u00e9 del Progreso, Tututepec, cuando el imputado dio muerte, disparando con un arma de fuego, a la v\u00edctima. <\/p>\n<p>Elementos de la Agencia Estatal de Investigaciones detuvieron en la poblaci\u00f3n de Xiniyuva perteneciente a Santiago Ixtayutla, Jamiltepec, a Justo R., siendo posteriormente turnado ante el Juez de Control quien resolvi\u00f3 vincularlo a proceso, determinando prisi\u00f3n preventiva como medida cautelar.<\/p>\n<p>La Fiscal\u00eda General del Estado trabaja para garantizar que ning\u00fan hecho quede impune.<\/p>\n<p>Este material es exclusivamente de car\u00e1cter informativo, dirigido \u00fanicamente a medios de comunicaci\u00f3n y no tiene fines propagand\u00edsticos.<\/p>\n","protected":false},"author":1,"featured_media":695,"comment_status":"closed","ping_status":"closed","template":"","tags":[],"categoria_noticias":[],"class_list":["post-13859","noticias","type-noticias","status-publish","has-post-thumbnail","hentry"],"acf":[],"mb":[],"mfb_rest_fields":["title","gutenberg_elementor_mode"],"_links":{"self":[{"href":"https:\/\/portal.fgeo.gob.mx\/index.php\/wp-json\/wp\/v2\/noticias\/13859","targetHints":{"allow":["GET"]}}],"collection":[{"href":"https:\/\/portal.fgeo.gob.mx\/index.php\/wp-json\/wp\/v2\/noticias"}],"about":[{"href":"https:\/\/portal.fgeo.gob.mx\/index.php\/wp-json\/wp\/v2\/types\/noticias"}],"author":[{"embeddable":true,"href":"https:\/\/portal.fgeo.gob.mx\/index.php\/wp-json\/wp\/v2\/users\/1"}],"replies":[{"embeddable":true,"href":"https:\/\/portal.fgeo.gob.mx\/index.php\/wp-json\/wp\/v2\/comments?post=13859"}],"wp:featuredmedia":[{"embeddable":true,"href":"https:\/\/portal.fgeo.gob.mx\/index.php\/wp-json\/"}],"wp:attachment":[{"href":"https:\/\/portal.fgeo.gob.mx\/index.php\/wp-json\/wp\/v2\/media?parent=13859"}],"wp:term":[{"taxonomy":"post_tag","embeddable":true,"href":"https:\/\/portal.fgeo.gob.mx\/index.php\/wp-json\/wp\/v2\/tags?post=13859"},{"taxonomy":"categoria_noticias","embeddable":true,"href":"https:\/\/portal.fgeo.gob.mx\/index.php\/wp-json\/wp\/v2\/categoria_noticias?post=13859"}],"curies":[{"name":"wp","href":"https:\/\/api.w.org\/{rel}","templated":true}]}}