{"id":13792,"date":"2018-01-13T13:01:24","date_gmt":"2018-01-13T18:01:24","guid":{"rendered":"http:\/\/fge.oaxaca.gob.mx\/?post_type=noticias&amp;p=934"},"modified":"2018-01-13T13:01:24","modified_gmt":"2018-01-13T18:01:24","slug":"logra-fiscalia-general-duro-golpe-contra-diversos-delincuentes-que-operaban-en-la-capital-del-estado","status":"publish","type":"noticias","link":"https:\/\/portal.fgeo.gob.mx\/index.php\/archivos\/noticias\/logra-fiscalia-general-duro-golpe-contra-diversos-delincuentes-que-operaban-en-la-capital-del-estado","title":{"rendered":"Logra Fiscal\u00eda General duro golpe contra diversos delincuentes que  operaban en la capital del Estado"},"content":{"rendered":"<p>Gracias a la colaboraci\u00f3n de los elementos de la Polic\u00eda Municipal, al trabajo de la AEI y la Vicefiscal\u00eda General Zona Centro se logr\u00f3 la detenci\u00f3n y procesamiento de diversas personas se\u00f1aladas como responsables de varios robos a transe\u00fantes, a locales comerciales y a casas habitaci\u00f3n en la Ciudad de Oaxaca,  destacando los siguientes casos:<\/p>\n<p>\u2022 Se inici\u00f3 proceso penal contra la persona que ha sido se\u00f1alada como responsable de sustraer cables de electricidad en distintos puntos de la ciudad, lo que ha ocasionado diversos apagones. Por ello, la Fiscal\u00eda General solicit\u00f3 y obtuvo que el Juez le impusiera prisi\u00f3n preventiva.<\/p>\n<p>\u2022 Se desarticul\u00f3 la banda de carteristas \u201cLas Marucas\u201d al aprehender a 5 de sus l\u00edderes quienes operaban en camiones urbanos, en las inmediaciones del centro y el Mercado de Abastos, cuando se les sorprendi\u00f3 mientras robaban en un cami\u00f3n, posteriormente, fueron llevadas ante el Juez para iniciarles proceso penal.<\/p>\n<p>\u2022 Se inici\u00f3 proceso penal contra el probable responsable de la avalancha de robos a locales y comercios del primer cuadro de la ciudad; \u00e9ste sujeto fue aprehendido por el robo de un expendio de carnicer\u00eda ubicado en San Mart\u00edn Mexicapan y vinculado a proceso el d\u00eda de ayer por un Juez de Control, se le impuso la prisi\u00f3n preventiva pues se cuentan con datos que permiten asegurar que encabeza una c\u00e9lula que se dedica al robo de negocios.     <\/p>\n<p>\u2022 Se obtuvo orden de aprehensi\u00f3n, se detuvo y vincul\u00f3 a proceso a \u201cEl Chilango\u201d, que est\u00e1 relacionado con los constantes robos efectuados a domicilios en la ciudad; en la investigaci\u00f3n efectuada por la Fiscal\u00eda General se tienen datos que apuntan a que lidera un grupo de personas que se dedican a operar este tipo de delitos.<\/p>\n<p>Consolidar el Sistema Penal Acusatorio en el Estado y recuperar la confianza de la sociedad es primordial para la Fiscal\u00eda General, por ello, recalcamos que a pesar de que los anteriores no son delitos graves seg\u00fan el C\u00f3digo Nacional de Procedimientos Penales, se ha solicitado con argumentos s\u00f3lidos que los imputados lleven el proceso en prisi\u00f3n preventiva por representar un peligro para la sociedad oaxaque\u00f1a.<\/p>\n<p>Con el anterior sistema de justicia los detenidos hubieran salido libres bajo fianza, con el Nuevo Sistema de Justicia y por el peligro que implican para la sociedad esto no ocurri\u00f3 y se les impuso  prisi\u00f3n preventiva. Corresponde a la ciudadan\u00eda denunciar y a la Fiscal\u00eda General investigar y hacer que los que da\u00f1an a nuestra sociedad sean sancionados. La justicia es trabajo de todos.<\/p>\n","protected":false},"author":1,"featured_media":694,"comment_status":"closed","ping_status":"closed","template":"","tags":[],"categoria_noticias":[],"class_list":["post-13792","noticias","type-noticias","status-publish","has-post-thumbnail","hentry"],"acf":[],"mb":[],"mfb_rest_fields":["title","gutenberg_elementor_mode"],"_links":{"self":[{"href":"https:\/\/portal.fgeo.gob.mx\/index.php\/wp-json\/wp\/v2\/noticias\/13792","targetHints":{"allow":["GET"]}}],"collection":[{"href":"https:\/\/portal.fgeo.gob.mx\/index.php\/wp-json\/wp\/v2\/noticias"}],"about":[{"href":"https:\/\/portal.fgeo.gob.mx\/index.php\/wp-json\/wp\/v2\/types\/noticias"}],"author":[{"embeddable":true,"href":"https:\/\/portal.fgeo.gob.mx\/index.php\/wp-json\/wp\/v2\/users\/1"}],"replies":[{"embeddable":true,"href":"https:\/\/portal.fgeo.gob.mx\/index.php\/wp-json\/wp\/v2\/comments?post=13792"}],"wp:featuredmedia":[{"embeddable":true,"href":"https:\/\/portal.fgeo.gob.mx\/index.php\/wp-json\/"}],"wp:attachment":[{"href":"https:\/\/portal.fgeo.gob.mx\/index.php\/wp-json\/wp\/v2\/media?parent=13792"}],"wp:term":[{"taxonomy":"post_tag","embeddable":true,"href":"https:\/\/portal.fgeo.gob.mx\/index.php\/wp-json\/wp\/v2\/tags?post=13792"},{"taxonomy":"categoria_noticias","embeddable":true,"href":"https:\/\/portal.fgeo.gob.mx\/index.php\/wp-json\/wp\/v2\/categoria_noticias?post=13792"}],"curies":[{"name":"wp","href":"https:\/\/api.w.org\/{rel}","templated":true}]}}