{"id":13640,"date":"2017-03-30T14:27:24","date_gmt":"2017-03-30T20:27:24","guid":{"rendered":"http:\/\/172.17.61.220\/fiscaliageneral\/?post_type=noticias&amp;p=6"},"modified":"2017-03-30T14:27:24","modified_gmt":"2017-03-30T20:27:24","slug":"capacita-aei-a-policias-municipales-en-la-mixteca","status":"publish","type":"noticias","link":"https:\/\/portal.fgeo.gob.mx\/index.php\/archivos\/noticias\/capacita-aei-a-policias-municipales-en-la-mixteca","title":{"rendered":"CAPACITA AEI A POLICIAS MUNICIPALES EN LA MIXTECA"},"content":{"rendered":"<p><img fetchpriority=\"high\" decoding=\"async\" class=\"alignnone size-medium wp-image-7\" src=\"http:\/\/localhost\/fiscaliageneral\/wp-content\/uploads\/2017\/03\/tlaxiaco-1-275x300.jpg\" alt=\"\" width=\"275\" height=\"300\" \/><\/p>\n<p>Continuando con el programa de capacitaci\u00f3n\u00a0 dirigido a polic\u00edas municipales, s\u00edndicos y directores de\u00a0 polic\u00eda, a fin de que cuenten con los conocimientos respectivos para poder desempe\u00f1ar sus labores dentro del nuevo sistema de justicia penal de corte Acusatorio Adversarial, personal certificado de la Agencia Estatal de Investigaciones, dependiente de la Fiscal\u00eda General del Estado, brindo esta actualizaci\u00f3n\u00a0 en la regi\u00f3n de la Mixteca, indico Antonio Yglesias Arreola, Coordinador General de la AEI.<\/p>\n<p>Detall\u00f3, que\u00a0 esta capacitaci\u00f3n se llev\u00f3 a cabo en Tlaxiaco, participando el S\u00edndico Municipal, su suplente, el comandante y los polic\u00edas municipales de las comunidades de San Juan \u00d1umi, Santiago Amoltepec, San Pedro Molinos, Santo Tomas Ocotepec, y Estudiantes de la Universidad Vanguardia Educativa de Oaxaca, campus Tlaxiaco.<\/p>\n<p>&nbsp;<\/p>\n<p>Yglesias Arreola, dijo que los temas que se impartieron en este curso fueron\u00a0 Protocolo Nacional\u00a0 del Primer Respondiente en el lugar de Intervenci\u00f3n y Gu\u00eda Nacional de Cadena de Custodia, que son elementos b\u00e1sicos de este nuevo sistema que incluye los juicios orales, funciones, obligaciones y responsabilidades espec\u00edficas.<\/p>\n<p>Manifest\u00f3, que mediante este programa se busca una formaci\u00f3n integral, donde los servidores p\u00fablicos tengan los conocimientos para poder actuar en alg\u00fan hecho delictivo, la cual deber\u00e1 estar apegada a la normatividad que rige su labor.<\/p>\n<p>&nbsp;<\/p>\n<p>Finalmente dijo que esta capacitaci\u00f3n continuar\u00e1 en las diferentes regiones del Estado.<\/p>\n","protected":false},"author":1,"featured_media":0,"comment_status":"closed","ping_status":"closed","template":"","tags":[],"categoria_noticias":[],"class_list":["post-13640","noticias","type-noticias","status-publish","hentry"],"acf":[],"mb":[],"mfb_rest_fields":["title","gutenberg_elementor_mode"],"_links":{"self":[{"href":"https:\/\/portal.fgeo.gob.mx\/index.php\/wp-json\/wp\/v2\/noticias\/13640","targetHints":{"allow":["GET"]}}],"collection":[{"href":"https:\/\/portal.fgeo.gob.mx\/index.php\/wp-json\/wp\/v2\/noticias"}],"about":[{"href":"https:\/\/portal.fgeo.gob.mx\/index.php\/wp-json\/wp\/v2\/types\/noticias"}],"author":[{"embeddable":true,"href":"https:\/\/portal.fgeo.gob.mx\/index.php\/wp-json\/wp\/v2\/users\/1"}],"replies":[{"embeddable":true,"href":"https:\/\/portal.fgeo.gob.mx\/index.php\/wp-json\/wp\/v2\/comments?post=13640"}],"wp:attachment":[{"href":"https:\/\/portal.fgeo.gob.mx\/index.php\/wp-json\/wp\/v2\/media?parent=13640"}],"wp:term":[{"taxonomy":"post_tag","embeddable":true,"href":"https:\/\/portal.fgeo.gob.mx\/index.php\/wp-json\/wp\/v2\/tags?post=13640"},{"taxonomy":"categoria_noticias","embeddable":true,"href":"https:\/\/portal.fgeo.gob.mx\/index.php\/wp-json\/wp\/v2\/categoria_noticias?post=13640"}],"curies":[{"name":"wp","href":"https:\/\/api.w.org\/{rel}","templated":true}]}}