{"id":10874,"date":"2025-11-18T16:00:09","date_gmt":"2025-11-18T22:00:09","guid":{"rendered":"https:\/\/fge.oaxaca.gob.mx\/?post_type=noticias&amp;p=10874"},"modified":"2025-11-18T16:00:09","modified_gmt":"2025-11-18T22:00:09","slug":"boletin-1945-como-parte-de-estrategia-contra-la-violencia-familiar-fiscalia-de-oaxaca-logra-vinculacion-a-proceso-de-dos-personas-y-detiene-de-tres-mas-por-casos-ocurridos-en-diferentes-regiones","status":"publish","type":"noticias","link":"https:\/\/portal.fgeo.gob.mx\/index.php\/archivos\/noticias\/boletin-1945-como-parte-de-estrategia-contra-la-violencia-familiar-fiscalia-de-oaxaca-logra-vinculacion-a-proceso-de-dos-personas-y-detiene-de-tres-mas-por-casos-ocurridos-en-diferentes-regiones","title":{"rendered":"BOLET\u00cdN 1,945.- Como parte de estrategia contra la Violencia Familiar, Fiscal\u00eda de Oaxaca logra vinculaci\u00f3n a proceso de dos personas y detiene de tres m\u00e1s, por casos ocurridos en diferentes regiones del estado"},"content":{"rendered":"<p><strong>Oaxaca de Ju\u00e1rez, Oax.-18 de noviembre de 2025.-<\/strong>\u00a0 En acciones coordinadas en combate a delitos contra ni\u00f1as, ni\u00f1os, adolescentes y mujeres, la Fiscal\u00eda General del Estado de Oaxaca (FGEO) obtuvo el auto de vinculaci\u00f3n a proceso en contra de dos personas, asimismo, dio cumplimiento a diversas \u00f3rdenes de aprehensi\u00f3n que permitieron la detenci\u00f3n de tres personas m\u00e1s por el delito de violencia familiar, ocurridas en diferentes regiones del estado.<\/p>\n<p>De acuerdo con el informe ministerial de la FGEO, una de las vinculaciones a proceso fue contra una mujer identificada como M.A.A.R., por el delito de violencia familiar en su modalidad de violencia psicol\u00f3gica y econ\u00f3mica en agravio de su hijo.<\/p>\n<p>La causa penal de la FGEO, detalla que los hechos de este caso ocurrieron el d\u00eda 21 de junio de 2023, en la localidad de Guadalupe los Obos perteneciente a San Juan Bautista Cuicatl\u00e1n en la Sierra Flores Mag\u00f3n, lugar donde la v\u00edctima, un adolescente de 17 a\u00f1os de edad, fue interceptado y agredido verbalmente por parte de su propia madre.<\/p>\n<p>Derivado de estos hechos y tras la denuncia interpuesta, la FGEO inici\u00f3 las investigaciones a trav\u00e9s de la Vicefiscal\u00eda General de Control Regional que logr\u00f3 su detenci\u00f3n y posteriormente, derivado de las pruebas obtenidas para acreditar el delito, un juez de la causa, logr\u00f3 vincular a proceso a M.A.A.R., adem\u00e1s de otorgar dos meses para el cierre de la investigaci\u00f3n complementaria.<\/p>\n<p>La segunda vinculaci\u00f3n a proceso fue contra un hombre identificado como R.R.G., imputado por el delito de violencia familiar, cometido en agravio de una persona del sexo femenino ocurrida en la poblaci\u00f3n de Santa Mar\u00eda Tecomavaca, perteneciente a Teotitl\u00e1n de Flores Mag\u00f3n.<\/p>\n<p>La investigaci\u00f3n de este caso, revela que los hechos ocurrieron el 28 de mayo de 2025, cuando una mujer identificada como S.A.C.H., se encontraba en su domicilio ubicado en Santa Mar\u00eda Tecomavaca, donde lleg\u00f3 el imputado, la agredi\u00f3 de manera verbal y posteriormente la intercept\u00f3 del cabello y con un arma la amenaz\u00f3.<\/p>\n<p>Ante estos hechos y derivado de la denuncia formal, la Fiscal\u00eda de Oaxaca a trav\u00e9s de la Vicefiscal\u00eda General de Control Regional inici\u00f3 las investigaciones ministeriales correspondientes, logrando obtener una orden de aprehensi\u00f3n contra el hoy imputado para despu\u00e9s ser puesto a disposici\u00f3n de la autoridad competente.<\/p>\n<p>Derivado de las investigaciones establecieron s\u00f3lidas l\u00edneas de investigaci\u00f3n y tras las respectivas audiencias, el Juez de control dict\u00f3 auto de vinculaci\u00f3n a proceso contra S.A.C.H., e impuso dos meses para el cierre de la investigaci\u00f3n complementaria.<\/p>\n<p>Se da cumplimiento a tres \u00f3rdenes de aprehensi\u00f3n en algunos casos por violencia familiar y violencia de pareja<\/p>\n<p>Respecto a las \u00f3rdenes de aprehensi\u00f3n, una de ellas se ejecut\u00f3 en contra de J.B.C.C., por ejercer violencia contra su progenitora, delito cometido en el municipio de Huautla de Jim\u00e9nez en la regi\u00f3n de la Sierra de Flores Mag\u00f3n.<\/p>\n<p>La investigaci\u00f3n detalla que al momento de su detenci\u00f3n J.B.C.C., opuso resistencia por lo que elementos de la Agencia Estatal de Investigaciones (AEI) tuvieron que someterlo y llevarlo ante el ministerio p\u00fablico de la Vicefiscal\u00eda General de Control Regional para su certificaci\u00f3n y puesta a disposici\u00f3n.<\/p>\n<p>El segundo mandato judicial, se efectu\u00f3 en contra de un hombre identificado como B.G.G., por hechos ocurridos el 21 de julio de 2025 en que una mujer identificada como A.M.V.J., fue agredida f\u00edsicamente con un machete cuando se encontraba en inmediaciones de la Agencia de Lachivigoza, perteneciente a San Jos\u00e9 Lachiguiri en Miahuatl\u00e1n de Porfirio D\u00edaz.<\/p>\n<p>El informe ministerial de este caso detalla que el detenido fue puesto a disposici\u00f3n del Ministerio P\u00fablico de la Vicefiscal\u00eda Regional de Valles Centrales para su certificaci\u00f3n m\u00e9dica y su debido proceso legal.<\/p>\n<p>La tercera orden de aprehensi\u00f3n ejecutada en inmediaciones del fraccionamiento San Jos\u00e9 La Noria, fue contra un hombre identificado como E.H.C.S., y se logr\u00f3 gracias a los trabajos de investigaci\u00f3n de Fiscal\u00eda Especializada en Atenci\u00f3n a Delitos contra la Mujer por Raz\u00f3n de G\u00e9nero por delitos de violencia familiar y violencia de pareja cometidos en agravio de una mujer identificada como E.P.D.V.<\/p>\n<p>La Fiscal\u00eda de Oaxaca prioriza las investigaciones relacionadas con delitos cometidos contra ni\u00f1as, ni\u00f1os, adolescentes y mujeres, para presentar ante la justicia a los responsables a fin de garantizar el derecho a una vida libre de violencia.<\/p>\n<figure id=\"attachment_10875\" aria-describedby=\"caption-attachment-10875\" style=\"width: 300px\" class=\"wp-caption alignnone\"><img fetchpriority=\"high\" decoding=\"async\" class=\"size-medium wp-image-10875\" src=\"https:\/\/fge.oaxaca.gob.mx\/wp-content\/uploads\/2025\/11\/Dise\u00f1o-sin-t\u00edtulo-1-9-300x227.jpg\" alt=\"\" width=\"300\" height=\"227\" \/><figcaption id=\"caption-attachment-10875\" class=\"wp-caption-text\">Dise\u00f1o sin t\u00edtulo &#8211; 1<\/figcaption><\/figure>\n<figure id=\"attachment_10876\" aria-describedby=\"caption-attachment-10876\" style=\"width: 240px\" class=\"wp-caption alignnone\"><img decoding=\"async\" class=\"size-medium wp-image-10876\" src=\"https:\/\/fge.oaxaca.gob.mx\/wp-content\/uploads\/2025\/11\/Dise\u00f1o-sin-t\u00edtulo-22-240x300.jpg\" alt=\"\" width=\"240\" height=\"300\" \/><figcaption id=\"caption-attachment-10876\" class=\"wp-caption-text\">Dise\u00f1o sin t\u00edtulo &#8211; 1<\/figcaption><\/figure>\n<p><img decoding=\"async\" class=\"alignnone size-medium wp-image-10877\" src=\"https:\/\/fge.oaxaca.gob.mx\/wp-content\/uploads\/2025\/11\/Dise\u00f1o-sin-t\u00edtulo-2-4-226x300.jpg\" alt=\"\" width=\"226\" height=\"300\" \/><\/p>\n","protected":false},"author":5,"featured_media":10870,"comment_status":"closed","ping_status":"closed","template":"","tags":[],"categoria_noticias":[],"class_list":["post-10874","noticias","type-noticias","status-publish","has-post-thumbnail","hentry"],"acf":[],"mb":[],"mfb_rest_fields":["title","gutenberg_elementor_mode"],"_links":{"self":[{"href":"https:\/\/portal.fgeo.gob.mx\/index.php\/wp-json\/wp\/v2\/noticias\/10874","targetHints":{"allow":["GET"]}}],"collection":[{"href":"https:\/\/portal.fgeo.gob.mx\/index.php\/wp-json\/wp\/v2\/noticias"}],"about":[{"href":"https:\/\/portal.fgeo.gob.mx\/index.php\/wp-json\/wp\/v2\/types\/noticias"}],"author":[{"embeddable":true,"href":"https:\/\/portal.fgeo.gob.mx\/index.php\/wp-json\/wp\/v2\/users\/5"}],"replies":[{"embeddable":true,"href":"https:\/\/portal.fgeo.gob.mx\/index.php\/wp-json\/wp\/v2\/comments?post=10874"}],"wp:featuredmedia":[{"embeddable":true,"href":"https:\/\/portal.fgeo.gob.mx\/index.php\/wp-json\/"}],"wp:attachment":[{"href":"https:\/\/portal.fgeo.gob.mx\/index.php\/wp-json\/wp\/v2\/media?parent=10874"}],"wp:term":[{"taxonomy":"post_tag","embeddable":true,"href":"https:\/\/portal.fgeo.gob.mx\/index.php\/wp-json\/wp\/v2\/tags?post=10874"},{"taxonomy":"categoria_noticias","embeddable":true,"href":"https:\/\/portal.fgeo.gob.mx\/index.php\/wp-json\/wp\/v2\/categoria_noticias?post=10874"}],"curies":[{"name":"wp","href":"https:\/\/api.w.org\/{rel}","templated":true}]}}