{"id":10831,"date":"2025-11-14T09:22:59","date_gmt":"2025-11-14T15:22:59","guid":{"rendered":"https:\/\/fge.oaxaca.gob.mx\/?post_type=noticias&amp;p=10831"},"modified":"2025-11-14T09:22:59","modified_gmt":"2025-11-14T15:22:59","slug":"boletin-1931-fiscalia-de-oaxaca-detiene-a-elemento-de-la-policia-municipal-de-santa-maria-atzompa-por-violacion-de-una-adolescente","status":"publish","type":"noticias","link":"https:\/\/portal.fgeo.gob.mx\/index.php\/archivos\/noticias\/boletin-1931-fiscalia-de-oaxaca-detiene-a-elemento-de-la-policia-municipal-de-santa-maria-atzompa-por-violacion-de-una-adolescente","title":{"rendered":"BOLET\u00cdN 1,931.- Fiscal\u00eda de Oaxaca detiene a elemento de la polic\u00eda municipal de Santa Mar\u00eda Atzompa por violaci\u00f3n de una adolescente"},"content":{"rendered":"<p>&nbsp;<\/p>\n<p>Oaxaca de Ju\u00e1rez a 14 de noviembre de 2025.- Como resultado de las investigaciones enfocadas en garantizar el derecho a una vida libre de violencia para ni\u00f1as, ni\u00f1os y adolescentes, la Fiscal\u00eda General del Estado de Oaxaca (FGEO) ejecut\u00f3 una orden de aprehensi\u00f3n que permiti\u00f3 la detenci\u00f3n de E.V.J., quien se desempe\u00f1a como comandante de la polic\u00eda municipal de Santa Mar\u00eda Atzompa, por el delito de violaci\u00f3n agravada, cometido en agravio de una adolescente.<\/p>\n<p><img fetchpriority=\"high\" decoding=\"async\" class=\"alignnone size-medium wp-image-10832\" src=\"https:\/\/fge.oaxaca.gob.mx\/wp-content\/uploads\/2025\/11\/WhatsApp-Image-2025-11-14-at-9.16.40-AM-232x300.jpeg\" alt=\"\" width=\"232\" height=\"300\" \/><\/p>\n<p>De acuerdo con el expediente penal, los hechos ocurrieron el 1 de septiembre de 2025, cuando la v\u00edctima -una adolescente cuya identidad se reserva por Ley- se encontraba al interior de un establecimiento ubicado en la colonia Ni\u00f1os H\u00e9roes de Santa Mar\u00eda Atzompa, en la zona metropolitana de Oaxaca.<\/p>\n<p>&nbsp;<\/p>\n<p>Las investigaciones revelan que al lugar arrib\u00f3 el atacante, quien violent\u00f3 y amenaz\u00f3 a la adolescente con un arma de fuego para impedir que gritara y despu\u00e9s agredirla.<\/p>\n<p>&nbsp;<\/p>\n<p>Posteriormente, el 2 de septiembre de 2025, la v\u00edctima nuevamente se encontraba en dicho establecimiento cuando lleg\u00f3 el agresor. La v\u00edctima trat\u00f3 de ocultarse en la parte trasera del lugar, pero el agresor nuevamente la atac\u00f3 de manera sexual.<\/p>\n<p>&nbsp;<\/p>\n<p>Al tener conocimiento de los hechos, la Fiscal\u00eda de Oaxaca -a trav\u00e9s de la Fiscal\u00eda Especializada en Justicia para Ni\u00f1as, Ni\u00f1os y Adolescentes-, llev\u00f3 a cabo los trabajos ministeriales correspondientes, gracias a los cuales se obtuvo una orden de aprehensi\u00f3n en contra de E.V.J.<\/p>\n<p>&nbsp;<\/p>\n<p>Para dar cumplimiento al mandato judicial, elementos de la Agencia Estatal de Investigaciones (AEI) realizaron un operativo este 13 de noviembre de 2025, logrando la detenci\u00f3n del imputado, quien fue trasladado al Ministerio P\u00fablico para su certificaci\u00f3n m\u00e9dica e iniciar los tr\u00e1mites correspondientes para ser puesto a disposici\u00f3n de la autoridad judicial que definir\u00e1 su situaci\u00f3n jur\u00eddica.<\/p>\n<p>&nbsp;<\/p>\n<p>La Fiscal\u00eda de Oaxaca reafirma su compromiso de priorizar las investigaciones relacionadas con delitos cometidos contra mujeres, ni\u00f1as y adolescentes, a fin de que estos hechos no queden impunes y las v\u00edctimas tengan acceso pleno e integral a la justicia.<\/p>\n<p>&nbsp;<\/p>\n","protected":false},"author":5,"featured_media":10825,"comment_status":"closed","ping_status":"closed","template":"","tags":[],"categoria_noticias":[],"class_list":["post-10831","noticias","type-noticias","status-publish","has-post-thumbnail","hentry"],"acf":[],"mb":[],"mfb_rest_fields":["title","gutenberg_elementor_mode"],"_links":{"self":[{"href":"https:\/\/portal.fgeo.gob.mx\/index.php\/wp-json\/wp\/v2\/noticias\/10831","targetHints":{"allow":["GET"]}}],"collection":[{"href":"https:\/\/portal.fgeo.gob.mx\/index.php\/wp-json\/wp\/v2\/noticias"}],"about":[{"href":"https:\/\/portal.fgeo.gob.mx\/index.php\/wp-json\/wp\/v2\/types\/noticias"}],"author":[{"embeddable":true,"href":"https:\/\/portal.fgeo.gob.mx\/index.php\/wp-json\/wp\/v2\/users\/5"}],"replies":[{"embeddable":true,"href":"https:\/\/portal.fgeo.gob.mx\/index.php\/wp-json\/wp\/v2\/comments?post=10831"}],"wp:featuredmedia":[{"embeddable":true,"href":"https:\/\/portal.fgeo.gob.mx\/index.php\/wp-json\/"}],"wp:attachment":[{"href":"https:\/\/portal.fgeo.gob.mx\/index.php\/wp-json\/wp\/v2\/media?parent=10831"}],"wp:term":[{"taxonomy":"post_tag","embeddable":true,"href":"https:\/\/portal.fgeo.gob.mx\/index.php\/wp-json\/wp\/v2\/tags?post=10831"},{"taxonomy":"categoria_noticias","embeddable":true,"href":"https:\/\/portal.fgeo.gob.mx\/index.php\/wp-json\/wp\/v2\/categoria_noticias?post=10831"}],"curies":[{"name":"wp","href":"https:\/\/api.w.org\/{rel}","templated":true}]}}