{"id":10638,"date":"2025-11-04T16:26:38","date_gmt":"2025-11-04T22:26:38","guid":{"rendered":"https:\/\/fge.oaxaca.gob.mx\/?post_type=noticias&amp;p=10638"},"modified":"2025-11-04T16:26:38","modified_gmt":"2025-11-04T22:26:38","slug":"boletin-1897-fiscalia-de-oaxaca-ejecuta-orden-de-aprehension-por-desplazamiento-arbitrario-derivado-de-conflicto-agrario-en-la-mixteca","status":"publish","type":"noticias","link":"https:\/\/portal.fgeo.gob.mx\/index.php\/archivos\/noticias\/boletin-1897-fiscalia-de-oaxaca-ejecuta-orden-de-aprehension-por-desplazamiento-arbitrario-derivado-de-conflicto-agrario-en-la-mixteca","title":{"rendered":"BOLET\u00cdN 1,897.- Fiscal\u00eda de Oaxaca ejecuta orden de aprehensi\u00f3n por Desplazamiento Arbitrario, derivado de conflicto agrario en la Mixteca"},"content":{"rendered":"<p>&nbsp;<\/p>\n<p>*<em> Es el primer proceso que se inicia en Oaxaca por el delito de desplazamiento arbitrario, pues recientemente se integr\u00f3 al Marco Jur\u00eddico Vigente para el Estado<\/em><\/p>\n<p>&nbsp;<\/p>\n<p><strong>Oaxaca de Ju\u00e1rez a 04 de noviembre de 2025.-<\/strong> La Fiscal\u00eda General del Estado de Oaxaca (FGEO) ejecut\u00f3 una orden de aprehensi\u00f3n para realizar la detenci\u00f3n legal de una persona del sexo masculino identificada como F.V.J.\u00a0 por el delito de Desplazamiento Arbitrario y otros delitos por hechos derivados de un conflicto agrario entre las comunidades de Santa Mar\u00eda Yolotepec y Santiago Yosond\u00faa, en la regi\u00f3n Mixteca.<\/p>\n<p>&nbsp;<\/p>\n<p>De acuerdo con las investigaciones, los primeros hechos ocurrieron el pasado 18 de agosto y han sido constantes, como lo fue el 1 de noviembre de este a\u00f1o, cuando la Vicefiscal\u00eda Regional de la Mixteca recibi\u00f3 el reporte de que un grupo de personas armadas ingresaron al \u00e1rea en disputa ubicada en el paraje Buena Vista, as\u00ed como en terrenos pertenecientes a Santo Domingo Ixcatl\u00e1n.<\/p>\n<p>&nbsp;<\/p>\n<p>En el lugar se registraron agresiones por las cuales perdieron la vida dos personas, por lo cual, autoridades municipales solicitaron la intervenci\u00f3n de las corporaciones de seguridad.<\/p>\n<p>&nbsp;<\/p>\n<p>Como resultado de las investigaciones ministeriales emanadas de los trabajos en campo durante un operativo interinstitucional se obtuvo una orden de aprehensi\u00f3n emitida por un Juez, la cual permiti\u00f3 la detenci\u00f3n de F.V.J.\u00a0 por el delito de Desplazamiento Arbitrario y otros delitos quien qued\u00f3 a disposici\u00f3n de la autoridad competente para determinar su situaci\u00f3n jur\u00eddica.<\/p>\n<p>&nbsp;<\/p>\n<p>Asimismo, la Fiscal\u00eda de Oaxaca reafirma su compromiso de atender los conflictos agrarios desde un enfoque de justicia y mediaci\u00f3n institucional, privilegiando el di\u00e1logo y la aplicaci\u00f3n de la ley para evitar la impunidad y fortalecer la convivencia pac\u00edfica en las regiones del estado.<\/p>\n<p>&nbsp;<\/p>\n<p>La FGEO rige su actuaci\u00f3n con estricto apego a la ley y al debido proceso, adem\u00e1s de garantizar que los conflictos agrarios sean atendidos desde la procuraci\u00f3n de justicia, privilegiando en todo momento la paz y la seguridad de las comunidades oaxaque\u00f1as.<\/p>\n<figure id=\"attachment_10639\" aria-describedby=\"caption-attachment-10639\" style=\"width: 240px\" class=\"wp-caption alignnone\"><img fetchpriority=\"high\" decoding=\"async\" class=\"size-medium wp-image-10639\" src=\"https:\/\/fge.oaxaca.gob.mx\/wp-content\/uploads\/2025\/11\/Dise\u00f1o-sin-t\u00edtulo-1-2-240x300.jpg\" alt=\"\" width=\"240\" height=\"300\" \/><figcaption id=\"caption-attachment-10639\" class=\"wp-caption-text\">Dise\u00f1o sin t\u00edtulo &#8211; 1<\/figcaption><\/figure>\n","protected":false},"author":5,"featured_media":10626,"comment_status":"closed","ping_status":"closed","template":"","tags":[],"categoria_noticias":[],"class_list":["post-10638","noticias","type-noticias","status-publish","has-post-thumbnail","hentry"],"acf":[],"mb":[],"mfb_rest_fields":["title","gutenberg_elementor_mode"],"_links":{"self":[{"href":"https:\/\/portal.fgeo.gob.mx\/index.php\/wp-json\/wp\/v2\/noticias\/10638","targetHints":{"allow":["GET"]}}],"collection":[{"href":"https:\/\/portal.fgeo.gob.mx\/index.php\/wp-json\/wp\/v2\/noticias"}],"about":[{"href":"https:\/\/portal.fgeo.gob.mx\/index.php\/wp-json\/wp\/v2\/types\/noticias"}],"author":[{"embeddable":true,"href":"https:\/\/portal.fgeo.gob.mx\/index.php\/wp-json\/wp\/v2\/users\/5"}],"replies":[{"embeddable":true,"href":"https:\/\/portal.fgeo.gob.mx\/index.php\/wp-json\/wp\/v2\/comments?post=10638"}],"wp:featuredmedia":[{"embeddable":true,"href":"https:\/\/portal.fgeo.gob.mx\/index.php\/wp-json\/"}],"wp:attachment":[{"href":"https:\/\/portal.fgeo.gob.mx\/index.php\/wp-json\/wp\/v2\/media?parent=10638"}],"wp:term":[{"taxonomy":"post_tag","embeddable":true,"href":"https:\/\/portal.fgeo.gob.mx\/index.php\/wp-json\/wp\/v2\/tags?post=10638"},{"taxonomy":"categoria_noticias","embeddable":true,"href":"https:\/\/portal.fgeo.gob.mx\/index.php\/wp-json\/wp\/v2\/categoria_noticias?post=10638"}],"curies":[{"name":"wp","href":"https:\/\/api.w.org\/{rel}","templated":true}]}}