{"id":10584,"date":"2025-10-29T14:00:11","date_gmt":"2025-10-29T20:00:11","guid":{"rendered":"https:\/\/fge.oaxaca.gob.mx\/?post_type=noticias&amp;p=10584"},"modified":"2025-10-29T14:00:11","modified_gmt":"2025-10-29T20:00:11","slug":"boletin-1876-fiscalia-de-oaxaca-ejecuta-orden-de-aprehension-por-tentativa-de-homicidio-contra-ciclista-hechos-ocurridos-en-ejutla-de-crespo","status":"publish","type":"noticias","link":"https:\/\/portal.fgeo.gob.mx\/index.php\/archivos\/noticias\/boletin-1876-fiscalia-de-oaxaca-ejecuta-orden-de-aprehension-por-tentativa-de-homicidio-contra-ciclista-hechos-ocurridos-en-ejutla-de-crespo","title":{"rendered":"BOLET\u00cdN 1,876.- Fiscal\u00eda de Oaxaca ejecuta orden de aprehensi\u00f3n por tentativa de homicidio contra ciclista, hechos ocurridos en Ejutla de Crespo"},"content":{"rendered":"<p>&nbsp;<\/p>\n<p><strong>Oaxaca de Ju\u00e1rez, Oax. 29 de octubre de 2025.- <\/strong>Las investigaciones ministeriales a cargo de la Fiscal\u00eda General del Estado de Oaxaca (FGEO) permitieron la ejecuci\u00f3n de una orden de aprehensi\u00f3n en contra de una persona del sexo masculino identificada como R.S.M., por el delito de homicidio calificado en grado de tentativa, por hechos ocurridos en el municipio de Ejutla de Crespo.<\/p>\n<p>&nbsp;<\/p>\n<p>De acuerdo con el expediente penal, los hechos se registraron el 03 de abril de 2025, cuando la v\u00edctima, identificada como R.J.L.L., transitaba a bordo de su bicicleta por el camino que conduce de La Pe, Ejutla de Crespo, hacia la poblaci\u00f3n de Agua del Espino, lugar donde fue atacada con disparos de arma de fuego, resultando con lesiones graves en diversas partes del cuerpo.<\/p>\n<p>&nbsp;<\/p>\n<p>La investigaci\u00f3n detalla que, derivado de las lesiones ocasionadas la v\u00edctima cay\u00f3 al suelo, pero logr\u00f3 incorporarse y huir corriendo para internarse en el monte, mientras continuaba recibiendo disparos.<\/p>\n<p>&nbsp;<\/p>\n<p>Una vez que logr\u00f3 ponerse a salvo, la v\u00edctima identific\u00f3 a sus agresores, quienes se encontraban ocultos entre los matorrales.<\/p>\n<p>&nbsp;<\/p>\n<p>Tras tomar conocimiento del caso, la FGEO, a trav\u00e9s de elementos de la Agencia Estatal de Investigaciones, adscritos a la Vicefiscal\u00eda Regional de Valles Centrales, inici\u00f3 una exhaustiva investigaci\u00f3n que permiti\u00f3 obtener una orden de aprehensi\u00f3n en contra de R.S.M., por el delito de homicidio calificado en grado de tentativa.<\/p>\n<p>&nbsp;<\/p>\n<p>Una vez detenido, fue puesto a disposici\u00f3n de la autoridad competente, quien determinar\u00e1 su situaci\u00f3n jur\u00eddica.<\/p>\n<p>&nbsp;<\/p>\n<p>La Fiscal\u00eda General del Estado de Oaxaca reitera su compromiso de realizar investigaciones exhaustivas para esclarecer los delitos, aplicando todo el rigor de la ley a quien o quienes resulten responsables.<\/p>\n<figure id=\"attachment_10585\" aria-describedby=\"caption-attachment-10585\" style=\"width: 300px\" class=\"wp-caption alignnone\"><img fetchpriority=\"high\" decoding=\"async\" class=\"size-medium wp-image-10585\" src=\"https:\/\/fge.oaxaca.gob.mx\/wp-content\/uploads\/2025\/10\/Dise\u00f1o-sin-t\u00edtulo-29-300x286.jpg\" alt=\"\" width=\"300\" height=\"286\" \/><figcaption id=\"caption-attachment-10585\" class=\"wp-caption-text\">Dise\u00f1o sin t\u00edtulo &#8211; 1<\/figcaption><\/figure>\n<p>&nbsp;<\/p>\n","protected":false},"author":5,"featured_media":10552,"comment_status":"closed","ping_status":"closed","template":"","tags":[],"categoria_noticias":[],"class_list":["post-10584","noticias","type-noticias","status-publish","has-post-thumbnail","hentry"],"acf":[],"mb":[],"mfb_rest_fields":["title","gutenberg_elementor_mode"],"_links":{"self":[{"href":"https:\/\/portal.fgeo.gob.mx\/index.php\/wp-json\/wp\/v2\/noticias\/10584","targetHints":{"allow":["GET"]}}],"collection":[{"href":"https:\/\/portal.fgeo.gob.mx\/index.php\/wp-json\/wp\/v2\/noticias"}],"about":[{"href":"https:\/\/portal.fgeo.gob.mx\/index.php\/wp-json\/wp\/v2\/types\/noticias"}],"author":[{"embeddable":true,"href":"https:\/\/portal.fgeo.gob.mx\/index.php\/wp-json\/wp\/v2\/users\/5"}],"replies":[{"embeddable":true,"href":"https:\/\/portal.fgeo.gob.mx\/index.php\/wp-json\/wp\/v2\/comments?post=10584"}],"wp:featuredmedia":[{"embeddable":true,"href":"https:\/\/portal.fgeo.gob.mx\/index.php\/wp-json\/"}],"wp:attachment":[{"href":"https:\/\/portal.fgeo.gob.mx\/index.php\/wp-json\/wp\/v2\/media?parent=10584"}],"wp:term":[{"taxonomy":"post_tag","embeddable":true,"href":"https:\/\/portal.fgeo.gob.mx\/index.php\/wp-json\/wp\/v2\/tags?post=10584"},{"taxonomy":"categoria_noticias","embeddable":true,"href":"https:\/\/portal.fgeo.gob.mx\/index.php\/wp-json\/wp\/v2\/categoria_noticias?post=10584"}],"curies":[{"name":"wp","href":"https:\/\/api.w.org\/{rel}","templated":true}]}}