{"id":10550,"date":"2025-10-27T13:13:54","date_gmt":"2025-10-27T19:13:54","guid":{"rendered":"https:\/\/fge.oaxaca.gob.mx\/?post_type=noticias&amp;p=10550"},"modified":"2025-10-27T13:13:54","modified_gmt":"2025-10-27T19:13:54","slug":"boletin-1867-fiscalia-de-oaxaca-obtiene-prision-y-vinculacion-a-proceso-contra-imputado-por-violacion-de-una-adolescente-ocurrida-en-la-region-mixteca","status":"publish","type":"noticias","link":"https:\/\/portal.fgeo.gob.mx\/index.php\/archivos\/noticias\/boletin-1867-fiscalia-de-oaxaca-obtiene-prision-y-vinculacion-a-proceso-contra-imputado-por-violacion-de-una-adolescente-ocurrida-en-la-region-mixteca","title":{"rendered":"BOLET\u00cdN 1,867.- Fiscal\u00eda de Oaxaca obtiene prisi\u00f3n y vinculaci\u00f3n a proceso contra imputado por violaci\u00f3n de una adolescente, ocurrida en la regi\u00f3n Mixteca"},"content":{"rendered":"<p>&nbsp;<\/p>\n<p><strong>Oaxaca de Ju\u00e1rez, Oax. 27 de octubre de 2025.-<\/strong> Como resultado de las investigaciones enfocadas en garantizar los derechos a una vida libre de violencia para las ni\u00f1as, ni\u00f1os, adolescentes y mujeres, la Fiscal\u00eda General del Estado de Oaxaca (FGEO) obtuvo vinculaci\u00f3n a proceso y prisi\u00f3n preventiva en contra de un hombre identificado como R.T.V., imputado por el delito de violaci\u00f3n equiparada, ocurrida en la regi\u00f3n Mixteca.<\/p>\n<p>&nbsp;<\/p>\n<p>El expediente penal del caso, detalla que el delito ocurri\u00f3 los d\u00edas 18, 19 y 21 de mayo de 2025, cuando la v\u00edctima (una adolescente, cuya identidad est\u00e1 reservada por ley) fue agredida sexualmente en diversas locaciones del municipio de San Juan Bautista Coixtlahuaca.<\/p>\n<p>&nbsp;<\/p>\n<p>De acuerdo con la investigaci\u00f3n ministerial, la primera agresi\u00f3n se suscit\u00f3 en el paraje El Manzanal, posteriormente el imputado continu\u00f3 con este delito en el paraje el Calicanto y paraje Boca de Perro de San Jer\u00f3nimo Otla y, finalmente el tercer ataque ocurri\u00f3 en el cuarto de un hotel ubicado en la calle Reforma de la colonia Centro del municipio de San Juan Bautista Coixtlahuaca.<\/p>\n<p>&nbsp;<\/p>\n<p>Al tener conocimiento de los hechos, derivado de la denuncia, la FGEO inici\u00f3 las investigaciones correspondientes a trav\u00e9s de la Vicefiscal\u00eda Regional de la Mixteca, reuniendo las pruebas necesarias que permitieron obtener una orden de aprehensi\u00f3n y posteriormente la detenci\u00f3n de R.T.V., la cual fue ejecutada por elementos de la Agencia Estatal de Investigaciones (AEI) quienes lo prestaron ante la autoridad competente para su certificaci\u00f3n m\u00e9dica y posteriormente ante el Juez de control para su imputaci\u00f3n.<\/p>\n<p>&nbsp;<\/p>\n<p>El hoy imputado, derivado de la evaluaci\u00f3n de los datos de prueba aportados por la FGEO, el Juez de la causa le dict\u00f3 auto de vinculaci\u00f3n a proceso imputado el delito de violaci\u00f3n equiparada e impuso la medida cautelar de prisi\u00f3n preventiva oficiosa, otorgando un plazo de dos meses para el cierre de la investigaci\u00f3n complementaria.<\/p>\n<p>&nbsp;<\/p>\n<p>La Fiscal\u00eda General del Estado de Oaxaca prioriza las investigaciones relacionadas con delitos cometidos contra las mujeres, ni\u00f1as y adolescentes, para presentar ante la justicia a los responsables a fin de garantizar el derecho a una vida libre de violencia.<\/p>\n<p><img fetchpriority=\"high\" decoding=\"async\" class=\"alignnone size-medium wp-image-10551\" src=\"https:\/\/fge.oaxaca.gob.mx\/wp-content\/uploads\/2025\/10\/WhatsApp-Image-2025-10-27-at-10.17.43-AM-270x300.jpeg\" alt=\"\" width=\"270\" height=\"300\" \/><\/p>\n","protected":false},"author":5,"featured_media":10552,"comment_status":"closed","ping_status":"closed","template":"","tags":[],"categoria_noticias":[],"class_list":["post-10550","noticias","type-noticias","status-publish","has-post-thumbnail","hentry"],"acf":[],"mb":[],"mfb_rest_fields":["title","gutenberg_elementor_mode"],"_links":{"self":[{"href":"https:\/\/portal.fgeo.gob.mx\/index.php\/wp-json\/wp\/v2\/noticias\/10550","targetHints":{"allow":["GET"]}}],"collection":[{"href":"https:\/\/portal.fgeo.gob.mx\/index.php\/wp-json\/wp\/v2\/noticias"}],"about":[{"href":"https:\/\/portal.fgeo.gob.mx\/index.php\/wp-json\/wp\/v2\/types\/noticias"}],"author":[{"embeddable":true,"href":"https:\/\/portal.fgeo.gob.mx\/index.php\/wp-json\/wp\/v2\/users\/5"}],"replies":[{"embeddable":true,"href":"https:\/\/portal.fgeo.gob.mx\/index.php\/wp-json\/wp\/v2\/comments?post=10550"}],"wp:featuredmedia":[{"embeddable":true,"href":"https:\/\/portal.fgeo.gob.mx\/index.php\/wp-json\/"}],"wp:attachment":[{"href":"https:\/\/portal.fgeo.gob.mx\/index.php\/wp-json\/wp\/v2\/media?parent=10550"}],"wp:term":[{"taxonomy":"post_tag","embeddable":true,"href":"https:\/\/portal.fgeo.gob.mx\/index.php\/wp-json\/wp\/v2\/tags?post=10550"},{"taxonomy":"categoria_noticias","embeddable":true,"href":"https:\/\/portal.fgeo.gob.mx\/index.php\/wp-json\/wp\/v2\/categoria_noticias?post=10550"}],"curies":[{"name":"wp","href":"https:\/\/api.w.org\/{rel}","templated":true}]}}