{"id":10481,"date":"2025-10-21T16:14:07","date_gmt":"2025-10-21T22:14:07","guid":{"rendered":"https:\/\/fge.oaxaca.gob.mx\/?post_type=noticias&amp;p=10481"},"modified":"2025-10-21T16:14:07","modified_gmt":"2025-10-21T22:14:07","slug":"boletin-1852-fiscalia-de-oaxaca-obtiene-sentencia-condenatoria-contra-responsable-de-robo-con-violencia-de-un-automovil-en-la-costa","status":"publish","type":"noticias","link":"https:\/\/portal.fgeo.gob.mx\/index.php\/archivos\/noticias\/boletin-1852-fiscalia-de-oaxaca-obtiene-sentencia-condenatoria-contra-responsable-de-robo-con-violencia-de-un-automovil-en-la-costa","title":{"rendered":"BOLET\u00cdN 1,852.- Fiscal\u00eda de Oaxaca obtiene sentencia condenatoria contra responsable de robo con violencia de un autom\u00f3vil en la Costa"},"content":{"rendered":"<p>&nbsp;<\/p>\n<p><strong>Oaxaca de Ju\u00e1rez, Oax., a 21 de octubre de 2025.-<\/strong>Como parte del seguimiento a los casos de delitos de alto impacto, la Fiscal\u00eda General del Estado de Oaxaca (FGEO) obtuvo una sentencia de nueve a\u00f1os de prisi\u00f3n contra una persona del sexo masculino identificada como Edgar L.C., responsable del delito de robo espec\u00edfico, cometido en la regi\u00f3n de la Costa.<\/p>\n<p>&nbsp;<\/p>\n<p>De acuerdo con la causa penal, los hechos ocurrieron el 30 de julio de 2024, cuando las v\u00edctimas circulaban a bordo de su veh\u00edculo sobre la calle Vicente Guerrero, en San Francisco Cozoaltepec, municipio de Santa Mar\u00eda Tonameca.<\/p>\n<p>&nbsp;<\/p>\n<p>La investigaci\u00f3n revela que, en el lugar, las v\u00edctimas fueron interceptadas por el sentenciado, quien abri\u00f3 violentamente la puerta del conductor y tom\u00f3 posesi\u00f3n de la unidad.<\/p>\n<p>&nbsp;<\/p>\n<p>Tras el robo, huyo, pero horas m\u00e1s tarde fue detenido por elementos de la Polic\u00eda Estatal cuando circulaba por la carretera que conduce a San Francisco Cozoaltepec.<\/p>\n<p>&nbsp;<\/p>\n<p>Durante la detenci\u00f3n, se le realiz\u00f3 una inspecci\u00f3n preventiva en la que se localiz\u00f3 un arma de fuego entre sus pertenencias.<\/p>\n<p>&nbsp;<\/p>\n<p>Gracias a las investigaciones ministeriales realizadas por la Fiscal\u00eda de Oaxaca -a trav\u00e9s de la Vicefiscal\u00eda Regional de la Costa-, el Tribunal de Enjuiciamiento dict\u00f3 sentencia condenatoria de nueve a\u00f1os de prisi\u00f3n contra Edgar L.C., adem\u00e1s de imponerle el pago por concepto de reparaci\u00f3n del da\u00f1o.<\/p>\n<p>&nbsp;<\/p>\n<p>La Fiscal\u00eda General del Estado de Oaxaca reafirma su compromiso de combatir los delitos de alto impacto y garantizar a las v\u00edctimas un acceso efectivo a la justicia.<\/p>\n<p><img fetchpriority=\"high\" decoding=\"async\" class=\"alignnone size-medium wp-image-10482\" src=\"https:\/\/fge.oaxaca.gob.mx\/wp-content\/uploads\/2025\/10\/WhatsApp-Image-2025-10-21-at-2.54.02-PM-248x300.jpeg\" alt=\"\" width=\"248\" height=\"300\" \/><\/p>\n","protected":false},"author":5,"featured_media":10478,"comment_status":"closed","ping_status":"closed","template":"","tags":[],"categoria_noticias":[],"class_list":["post-10481","noticias","type-noticias","status-publish","has-post-thumbnail","hentry"],"acf":[],"mb":[],"mfb_rest_fields":["title","gutenberg_elementor_mode"],"_links":{"self":[{"href":"https:\/\/portal.fgeo.gob.mx\/index.php\/wp-json\/wp\/v2\/noticias\/10481","targetHints":{"allow":["GET"]}}],"collection":[{"href":"https:\/\/portal.fgeo.gob.mx\/index.php\/wp-json\/wp\/v2\/noticias"}],"about":[{"href":"https:\/\/portal.fgeo.gob.mx\/index.php\/wp-json\/wp\/v2\/types\/noticias"}],"author":[{"embeddable":true,"href":"https:\/\/portal.fgeo.gob.mx\/index.php\/wp-json\/wp\/v2\/users\/5"}],"replies":[{"embeddable":true,"href":"https:\/\/portal.fgeo.gob.mx\/index.php\/wp-json\/wp\/v2\/comments?post=10481"}],"wp:featuredmedia":[{"embeddable":true,"href":"https:\/\/portal.fgeo.gob.mx\/index.php\/wp-json\/"}],"wp:attachment":[{"href":"https:\/\/portal.fgeo.gob.mx\/index.php\/wp-json\/wp\/v2\/media?parent=10481"}],"wp:term":[{"taxonomy":"post_tag","embeddable":true,"href":"https:\/\/portal.fgeo.gob.mx\/index.php\/wp-json\/wp\/v2\/tags?post=10481"},{"taxonomy":"categoria_noticias","embeddable":true,"href":"https:\/\/portal.fgeo.gob.mx\/index.php\/wp-json\/wp\/v2\/categoria_noticias?post=10481"}],"curies":[{"name":"wp","href":"https:\/\/api.w.org\/{rel}","templated":true}]}}