{"id":10373,"date":"2025-10-12T12:00:50","date_gmt":"2025-10-12T18:00:50","guid":{"rendered":"https:\/\/fge.oaxaca.gob.mx\/?post_type=noticias&amp;p=10373"},"modified":"2025-10-12T12:00:50","modified_gmt":"2025-10-12T18:00:50","slug":"boletin-1821-fiscalia-de-oaxaca-obtiene-vinculacion-a-proceso-y-prision-contra-imputado-por-homicidio-con-arma-de-fuego-registrado-en-una-cantina-de-miahuatlan-de-porfirio-diaz","status":"publish","type":"noticias","link":"https:\/\/portal.fgeo.gob.mx\/index.php\/archivos\/noticias\/boletin-1821-fiscalia-de-oaxaca-obtiene-vinculacion-a-proceso-y-prision-contra-imputado-por-homicidio-con-arma-de-fuego-registrado-en-una-cantina-de-miahuatlan-de-porfirio-diaz","title":{"rendered":"BOLET\u00cdN 1,821.- Fiscal\u00eda de Oaxaca obtiene vinculaci\u00f3n a proceso y prisi\u00f3n contra imputado por homicidio con arma de fuego registrado en una cantina de Miahuatl\u00e1n de Porfirio D\u00edaz"},"content":{"rendered":"<p>&nbsp;<\/p>\n<p><strong>Oaxaca de Ju\u00e1rez, Oax., a 12 de octubre de 2025.-<\/strong> Derivado del trabajo ministerial que realiza la Fiscal\u00eda General del Estado de Oaxaca (FGEO) se obtuvo auto de vinculaci\u00f3n a proceso y prisi\u00f3n preventiva en contra de una persona del sexo masculino identificado como C.H.B., imputado por el delito de Homicidio Calificado con Ventaja en agravio de A.V.P., cometido en Miahuatl\u00e1n de Porfirio D\u00edaz en la Sierra Sur.<\/p>\n<p><img fetchpriority=\"high\" decoding=\"async\" class=\"alignnone size-medium wp-image-10374\" src=\"https:\/\/fge.oaxaca.gob.mx\/wp-content\/uploads\/2025\/10\/WhatsApp-Image-2025-10-09-at-2.12.13-PM-300x275.jpeg\" alt=\"\" width=\"300\" height=\"275\" \/><\/p>\n<p>De acuerdo con el expediente penal del caso, los hechos ocurrieron el 04 de noviembre de 2020, cuando la v\u00edctima, un hombre identificado como A.V.P., se encontraba al interior de una cantina ubicada en la calle Benito Ju\u00e1rez del centro de Miahuatl\u00e1n de Porfirio D\u00edaz, lugar en el que fue atacado con disparos de arma de fuego, infligiendo lesiones que le provocaron la muerte, cuando recib\u00eda atenci\u00f3n m\u00e9dica en un hospital de esa demarcaci\u00f3n.<\/p>\n<p>&nbsp;<\/p>\n<p>Al tener conocimiento de los hechos, la FGEO a trav\u00e9s de la Vicefiscal\u00eda Regional de Valles Centrales realiz\u00f3 las investigaciones correspondientes mediante un equipo multidisciplinario, lo que permiti\u00f3 obtener la orden de aprehensi\u00f3n en contra de C.H.B., quien luego de ser localizado fue detenido por Agentes Estatales de Investigaci\u00f3n (AEI) y puesto a disposici\u00f3n de la autoridad judicial.<\/p>\n<p>&nbsp;<\/p>\n<p>En audiencia, luego de evaluar las pruebas presentadas por la FGEO, el Juez de la causa determin\u00f3 vincular a proceso al imputado, por el delito de homicidio calificado con ventaja, adem\u00e1s de imponer la medida cautelar de prisi\u00f3n preventiva oficiosa, concediendo adem\u00e1s dos meses para el cierre de la investigaci\u00f3n complementaria.<\/p>\n<p>&nbsp;<\/p>\n<p>La Fiscal\u00eda de Oaxaca garantiza investigaciones exhaustivas para esclarecer delitos, aplicando todo el rigor de la Ley a quien o quienes resulten responsables.<\/p>\n<p>&nbsp;<\/p>\n","protected":false},"author":5,"featured_media":10349,"comment_status":"closed","ping_status":"closed","template":"","tags":[],"categoria_noticias":[],"class_list":["post-10373","noticias","type-noticias","status-publish","has-post-thumbnail","hentry"],"acf":[],"mb":[],"mfb_rest_fields":["title","gutenberg_elementor_mode"],"_links":{"self":[{"href":"https:\/\/portal.fgeo.gob.mx\/index.php\/wp-json\/wp\/v2\/noticias\/10373","targetHints":{"allow":["GET"]}}],"collection":[{"href":"https:\/\/portal.fgeo.gob.mx\/index.php\/wp-json\/wp\/v2\/noticias"}],"about":[{"href":"https:\/\/portal.fgeo.gob.mx\/index.php\/wp-json\/wp\/v2\/types\/noticias"}],"author":[{"embeddable":true,"href":"https:\/\/portal.fgeo.gob.mx\/index.php\/wp-json\/wp\/v2\/users\/5"}],"replies":[{"embeddable":true,"href":"https:\/\/portal.fgeo.gob.mx\/index.php\/wp-json\/wp\/v2\/comments?post=10373"}],"wp:featuredmedia":[{"embeddable":true,"href":"https:\/\/portal.fgeo.gob.mx\/index.php\/wp-json\/"}],"wp:attachment":[{"href":"https:\/\/portal.fgeo.gob.mx\/index.php\/wp-json\/wp\/v2\/media?parent=10373"}],"wp:term":[{"taxonomy":"post_tag","embeddable":true,"href":"https:\/\/portal.fgeo.gob.mx\/index.php\/wp-json\/wp\/v2\/tags?post=10373"},{"taxonomy":"categoria_noticias","embeddable":true,"href":"https:\/\/portal.fgeo.gob.mx\/index.php\/wp-json\/wp\/v2\/categoria_noticias?post=10373"}],"curies":[{"name":"wp","href":"https:\/\/api.w.org\/{rel}","templated":true}]}}