{"id":10360,"date":"2025-10-09T16:00:30","date_gmt":"2025-10-09T22:00:30","guid":{"rendered":"https:\/\/fge.oaxaca.gob.mx\/?post_type=noticias&amp;p=10360"},"modified":"2025-10-09T16:00:30","modified_gmt":"2025-10-09T22:00:30","slug":"boletin-1815-fiscalia-de-oaxaca-y-fiscalia-electoral-garantizan-a-sindica-municipal-de-san-francisco-sola-acceso-a-la-justicia-a-traves-de-sistemas-normativos-indigenas","status":"publish","type":"noticias","link":"https:\/\/portal.fgeo.gob.mx\/index.php\/archivos\/noticias\/boletin-1815-fiscalia-de-oaxaca-y-fiscalia-electoral-garantizan-a-sindica-municipal-de-san-francisco-sola-acceso-a-la-justicia-a-traves-de-sistemas-normativos-indigenas","title":{"rendered":"BOLET\u00cdN 1,815.- Fiscal\u00eda de Oaxaca y Fiscal\u00eda Electoral garantizan a s\u00edndica municipal de San Francisco Sola acceso a la justicia a trav\u00e9s de Sistemas Normativos Ind\u00edgenas"},"content":{"rendered":"<p>&nbsp;<\/p>\n<p><em>* Mediante acuerdos en Asamblea Comunitaria se logr\u00f3 resolver que la v\u00edctima pueda ejercer su cargo libremente<\/em><\/p>\n<p><strong>Oaxaca de Ju\u00e1rez, Oax., a 09 de octubre de 2025.-<\/strong> Como parte de las acciones para atender delitos relacionados con las diferentes formas de violencia contra las mujeres, incluida la violencia pol\u00edtica en raz\u00f3n de g\u00e9nero, la Fiscal\u00eda General del Estado de Oaxaca (FGEO), a trav\u00e9s de la Fiscal\u00eda Especializada en Delitos Electorales (FEDE), garantiz\u00f3 a una mujer perteneciente a un pueblo ind\u00edgena el acceso a la justicia mediante los Sistemas Normativos Internos, en hechos ocurridos en el municipio de San Francisco Sola, distrito de Sola de Vega, en la regi\u00f3n de la Sierra Sur.<\/p>\n<p>De acuerdo con las indagatorias del caso, a la v\u00edctima identificada como A.C.G., se le obstru\u00eda al ejercicio de sus funciones como s\u00edndica municipal, pues las decisiones eran tomadas por L.G.C. suplente de la presidencia municipal y J.G.C. regidor de obras del municipio de San Francisco Sola, originando con estas acciones el menoscabo del ejercicio pleno de los derechos pol\u00edticos-electorales de la v\u00edctima.<\/p>\n<p>Ante estos hechos, la instituci\u00f3n procuradora de justicia present\u00f3 ante la Jueza de la causa los elementos suficientes que permitieron a la v\u00edctima e imputados, resolver los hechos mediante acuerdo en Asamblea Comunitaria bajo lo establecido en sus Sistemas Normativos Ind\u00edgenas.<\/p>\n<p>Esta acci\u00f3n permite garantizar a la v\u00edctima el pleno ejercicio de sus derechos pol\u00edtico-electorales, incluido el desempe\u00f1o de su cargo.<\/p>\n<p>Asimismo, se establecieron mecanismos de restituci\u00f3n de derechos inherentes al cargo, respeto mutuo, as\u00ed como una disculpa p\u00fablica.<\/p>\n<p>Una vez verificada la libre voluntad de la v\u00edctima de someter el caso a la jurisdicci\u00f3n comunitaria, la Jueza de Control resolvi\u00f3 la extinci\u00f3n de la acci\u00f3n penal y se declar\u00f3 concluido el asunto.<\/p>\n<p>La Fiscal\u00eda General del Estado de Oaxaca reafirma su compromiso con la erradicaci\u00f3n de la Violencia Pol\u00edtica de G\u00e9nero y con la defensa de los Derechos Pol\u00edtico-Electorales de las Mujeres, para garantizar su participaci\u00f3n en condiciones de igualdad en la vida p\u00fablica y pol\u00edtica del estado.<\/p>\n<p><img fetchpriority=\"high\" decoding=\"async\" class=\"alignnone size-medium wp-image-10361\" src=\"https:\/\/fge.oaxaca.gob.mx\/wp-content\/uploads\/2025\/10\/1815-300x258.jpeg\" alt=\"\" width=\"300\" height=\"258\" \/><\/p>\n","protected":false},"author":5,"featured_media":10349,"comment_status":"closed","ping_status":"closed","template":"","tags":[],"categoria_noticias":[],"class_list":["post-10360","noticias","type-noticias","status-publish","has-post-thumbnail","hentry"],"acf":[],"mb":[],"mfb_rest_fields":["title","gutenberg_elementor_mode"],"_links":{"self":[{"href":"https:\/\/portal.fgeo.gob.mx\/index.php\/wp-json\/wp\/v2\/noticias\/10360","targetHints":{"allow":["GET"]}}],"collection":[{"href":"https:\/\/portal.fgeo.gob.mx\/index.php\/wp-json\/wp\/v2\/noticias"}],"about":[{"href":"https:\/\/portal.fgeo.gob.mx\/index.php\/wp-json\/wp\/v2\/types\/noticias"}],"author":[{"embeddable":true,"href":"https:\/\/portal.fgeo.gob.mx\/index.php\/wp-json\/wp\/v2\/users\/5"}],"replies":[{"embeddable":true,"href":"https:\/\/portal.fgeo.gob.mx\/index.php\/wp-json\/wp\/v2\/comments?post=10360"}],"wp:featuredmedia":[{"embeddable":true,"href":"https:\/\/portal.fgeo.gob.mx\/index.php\/wp-json\/"}],"wp:attachment":[{"href":"https:\/\/portal.fgeo.gob.mx\/index.php\/wp-json\/wp\/v2\/media?parent=10360"}],"wp:term":[{"taxonomy":"post_tag","embeddable":true,"href":"https:\/\/portal.fgeo.gob.mx\/index.php\/wp-json\/wp\/v2\/tags?post=10360"},{"taxonomy":"categoria_noticias","embeddable":true,"href":"https:\/\/portal.fgeo.gob.mx\/index.php\/wp-json\/wp\/v2\/categoria_noticias?post=10360"}],"curies":[{"name":"wp","href":"https:\/\/api.w.org\/{rel}","templated":true}]}}