{"id":10319,"date":"2025-10-06T13:16:20","date_gmt":"2025-10-06T19:16:20","guid":{"rendered":"https:\/\/fge.oaxaca.gob.mx\/?post_type=noticias&amp;p=10319"},"modified":"2025-10-06T13:16:20","modified_gmt":"2025-10-06T19:16:20","slug":"boletin-1781-fiscalia-de-oaxaca-obtiene-vinculacion-a-proceso-y-prision-contra-imputado-por-robo-a-telmex","status":"publish","type":"noticias","link":"https:\/\/portal.fgeo.gob.mx\/index.php\/archivos\/noticias\/boletin-1781-fiscalia-de-oaxaca-obtiene-vinculacion-a-proceso-y-prision-contra-imputado-por-robo-a-telmex","title":{"rendered":"BOLET\u00cdN 1,801.- Fiscal\u00eda de Oaxaca obtiene vinculaci\u00f3n a proceso y prisi\u00f3n contra imputado por robo a Telmex"},"content":{"rendered":"<p>&nbsp;<\/p>\n<p><strong>Oaxaca de Ju\u00e1rez, Oax., a 06 de octubre de 2025.-<\/strong> La Fiscal\u00eda General del Estado de Oaxaca (FGEO) obtuvo auto de vinculaci\u00f3n a proceso y prisi\u00f3n contra una persona del sexo masculino identificado como V.O.P., imputado por el delito de robo, cometido en perjuicio de Tel\u00e9fonos de M\u00e9xico (TELMEX), hechos ocurridos en la capital oaxaque\u00f1a.<\/p>\n<p>&nbsp;<\/p>\n<p>De acuerdo con lo asentado en el expediente penal del caso, el 26 de septiembre de 2025, el imputado fue detenido por elementos de la Polic\u00eda Municipal, en inmediaciones de la colonia Obrera de la ciudad de Oaxaca de Ju\u00e1rez, sitio donde el imputado habr\u00eda sustra\u00eddo cables del interior de un registro de Telmex.<\/p>\n<p>&nbsp;<\/p>\n<p>Una vez puesto a disposici\u00f3n de la Fiscal\u00eda de Oaxaca, se iniciaron las investigaciones correspondientes a trav\u00e9s de la Vicefiscal\u00eda de Valles Centrales.<\/p>\n<p>&nbsp;<\/p>\n<p>Posteriormente, la Fiscal\u00eda de Oaxaca reuni\u00f3 los datos de prueba que present\u00f3 ante el Juez de la causa que dict\u00f3 vinculaci\u00f3n a proceso a V.O.P.\u00a0 por el delito de robo, adem\u00e1s de imponer la medida cautelar de prisi\u00f3n preventiva provisional y conceder el plazo de un mes para el cierre de la investigaci\u00f3n complementaria.<\/p>\n<p>&nbsp;<\/p>\n<p>La Fiscal\u00eda de Oaxaca est\u00e1 comprometida con establecer l\u00edneas de investigaci\u00f3n s\u00f3lidas que permitan dar con quien o quienes resulten responsables de los delitos, y con ello, garantizar procesos de procuraci\u00f3n de justicia adecuados para las v\u00edctimas directas e indirectas.<\/p>\n<figure id=\"attachment_10320\" aria-describedby=\"caption-attachment-10320\" style=\"width: 149px\" class=\"wp-caption alignnone\"><img decoding=\"async\" class=\"size-full wp-image-10320\" src=\"https:\/\/fge.oaxaca.gob.mx\/wp-content\/uploads\/2025\/10\/Dise\u00f1o-sin-t\u00edtulo-5.jpg\" alt=\"\" width=\"149\" height=\"128\" \/><figcaption id=\"caption-attachment-10320\" class=\"wp-caption-text\">Dise\u00f1o sin t\u00edtulo &#8211; 1<\/figcaption><\/figure>\n","protected":false},"author":5,"featured_media":10299,"comment_status":"closed","ping_status":"closed","template":"","tags":[],"categoria_noticias":[],"class_list":["post-10319","noticias","type-noticias","status-publish","has-post-thumbnail","hentry"],"acf":[],"mb":[],"mfb_rest_fields":["title","gutenberg_elementor_mode"],"_links":{"self":[{"href":"https:\/\/portal.fgeo.gob.mx\/index.php\/wp-json\/wp\/v2\/noticias\/10319","targetHints":{"allow":["GET"]}}],"collection":[{"href":"https:\/\/portal.fgeo.gob.mx\/index.php\/wp-json\/wp\/v2\/noticias"}],"about":[{"href":"https:\/\/portal.fgeo.gob.mx\/index.php\/wp-json\/wp\/v2\/types\/noticias"}],"author":[{"embeddable":true,"href":"https:\/\/portal.fgeo.gob.mx\/index.php\/wp-json\/wp\/v2\/users\/5"}],"replies":[{"embeddable":true,"href":"https:\/\/portal.fgeo.gob.mx\/index.php\/wp-json\/wp\/v2\/comments?post=10319"}],"wp:featuredmedia":[{"embeddable":true,"href":"https:\/\/portal.fgeo.gob.mx\/index.php\/wp-json\/"}],"wp:attachment":[{"href":"https:\/\/portal.fgeo.gob.mx\/index.php\/wp-json\/wp\/v2\/media?parent=10319"}],"wp:term":[{"taxonomy":"post_tag","embeddable":true,"href":"https:\/\/portal.fgeo.gob.mx\/index.php\/wp-json\/wp\/v2\/tags?post=10319"},{"taxonomy":"categoria_noticias","embeddable":true,"href":"https:\/\/portal.fgeo.gob.mx\/index.php\/wp-json\/wp\/v2\/categoria_noticias?post=10319"}],"curies":[{"name":"wp","href":"https:\/\/api.w.org\/{rel}","templated":true}]}}