{"id":10270,"date":"2025-09-29T12:07:30","date_gmt":"2025-09-29T18:07:30","guid":{"rendered":"https:\/\/fge.oaxaca.gob.mx\/?post_type=noticias&#038;p=10270"},"modified":"2025-10-06T14:34:10","modified_gmt":"2025-10-06T20:34:10","slug":"boletin-1784-fiscalia-de-oaxaca-obtiene-la-vinculacion-y-prision-contra-conductor-de-volteo-imputado-por-accidente-en-el-que-perdieron-la-vida-dos-personas-en-animas-trujano","status":"publish","type":"noticias","link":"https:\/\/portal.fgeo.gob.mx\/index.php\/archivos\/noticias\/boletin-1784-fiscalia-de-oaxaca-obtiene-la-vinculacion-y-prision-contra-conductor-de-volteo-imputado-por-accidente-en-el-que-perdieron-la-vida-dos-personas-en-animas-trujano","title":{"rendered":"BOLET\u00cdN 1,784.- Fiscal\u00eda de Oaxaca obtiene la vinculaci\u00f3n y prisi\u00f3n contra conductor de volteo imputado por accidente en el que perdieron la vida dos personas en \u00c1nimas Trujano"},"content":{"rendered":"<p>&nbsp;<\/p>\n<p><strong>Oaxaca de Ju\u00e1rez, Oax., a 29 de septiembre de 2025.-<\/strong> La Fiscal\u00eda General del Estado de Oaxaca (FGEO) logr\u00f3 la vinculaci\u00f3n a proceso de una persona del sexo masculino identificado como J.G.S. por el delito de homicidio y da\u00f1os culposos por tr\u00e1nsito de veh\u00edculo ocurrido en la carretera federal 175, a la altura de \u00c1nimas Trujano, y por el cual perdieron la vida dos personas.<\/p>\n<p>Los hechos ocurrieron la tarde del 17 de septiembre de 2025, sobre la carretera federal 175 Oaxaca \u2013 Puerto \u00c1ngel, en la jurisdicci\u00f3n de \u00c1nimas Trujano, cuando un cami\u00f3n de volteo con placas PKD-8695 ch\u00f3co contra un mototaxi del servicio p\u00fablico, lo que provoc\u00f3 que dos personas perdieran la vida: una de ellas era un peat\u00f3n, mientras que el segundo fue el conductor del mototaxi.<\/p>\n<p>Por estos hechos, la Fiscal\u00eda de Oaxaca realiz\u00f3 la detenci\u00f3n de una persona del sexo masculino identificado como J.G.S., quien conduc\u00eda el cami\u00f3n tipo volteo, quien fue puesto a disposici\u00f3n de la autoridad ministerial.<\/p>\n<p>Tras evaluar las pruebas aportadas por la Fiscal\u00eda de Oaxaca, el Juez de la Causa determin\u00f3 vincular a proceso a J.G.S. por los delitos de homicidio y da\u00f1os culposos por tr\u00e1nsito de veh\u00edculo de motor, as\u00ed como por da\u00f1os culposos, e impuso la medida de prisi\u00f3n preventiva justificada, adem\u00e1s de otorgar tres meses para el cierre de la investigaci\u00f3n.<\/p>\n<p>La Fiscal\u00eda General del Estado de Oaxaca realiza investigaciones integrales con equipos especializados que permitan dar resultados efectivos en favor de las v\u00edctimas y esclarecer la mec\u00e1nica de este tipo de hechos.<\/p>\n<p>&nbsp;<\/p>\n<p>&nbsp;<\/p>\n<p><img fetchpriority=\"high\" decoding=\"async\" class=\"alignnone size-full wp-image-17324\" src=\"https:\/\/portal.fgeo.gob.mx\/minio\/pagina\/wp-content\/uploads\/2025\/09\/WhatsApp-Image-2025-09-18-at-3.01.14-PM-300x259-1.jpeg\" alt=\"\" width=\"300\" height=\"259\" \/><\/p>\n","protected":false},"author":2,"featured_media":10264,"comment_status":"closed","ping_status":"closed","template":"","tags":[],"categoria_noticias":[],"class_list":["post-10270","noticias","type-noticias","status-publish","has-post-thumbnail","hentry"],"acf":[],"mb":[],"mfb_rest_fields":["title","gutenberg_elementor_mode"],"_links":{"self":[{"href":"https:\/\/portal.fgeo.gob.mx\/index.php\/wp-json\/wp\/v2\/noticias\/10270","targetHints":{"allow":["GET"]}}],"collection":[{"href":"https:\/\/portal.fgeo.gob.mx\/index.php\/wp-json\/wp\/v2\/noticias"}],"about":[{"href":"https:\/\/portal.fgeo.gob.mx\/index.php\/wp-json\/wp\/v2\/types\/noticias"}],"author":[{"embeddable":true,"href":"https:\/\/portal.fgeo.gob.mx\/index.php\/wp-json\/wp\/v2\/users\/2"}],"replies":[{"embeddable":true,"href":"https:\/\/portal.fgeo.gob.mx\/index.php\/wp-json\/wp\/v2\/comments?post=10270"}],"wp:featuredmedia":[{"embeddable":true,"href":"https:\/\/portal.fgeo.gob.mx\/index.php\/wp-json\/"}],"wp:attachment":[{"href":"https:\/\/portal.fgeo.gob.mx\/index.php\/wp-json\/wp\/v2\/media?parent=10270"}],"wp:term":[{"taxonomy":"post_tag","embeddable":true,"href":"https:\/\/portal.fgeo.gob.mx\/index.php\/wp-json\/wp\/v2\/tags?post=10270"},{"taxonomy":"categoria_noticias","embeddable":true,"href":"https:\/\/portal.fgeo.gob.mx\/index.php\/wp-json\/wp\/v2\/categoria_noticias?post=10270"}],"curies":[{"name":"wp","href":"https:\/\/api.w.org\/{rel}","templated":true}]}}