{"id":10103,"date":"2025-09-15T15:00:12","date_gmt":"2025-09-15T21:00:12","guid":{"rendered":"https:\/\/fge.oaxaca.gob.mx\/?post_type=noticias&amp;p=10103"},"modified":"2025-09-15T15:00:12","modified_gmt":"2025-09-15T21:00:12","slug":"boletin-1752-obtiene-fiscalia-de-oaxaca-prision-y-vinculacion-a-proceso-contra-detenido-durante-cateo-aseguran-drogas-armas-y-una-libreta-de-contactos","status":"publish","type":"noticias","link":"https:\/\/portal.fgeo.gob.mx\/index.php\/archivos\/noticias\/boletin-1752-obtiene-fiscalia-de-oaxaca-prision-y-vinculacion-a-proceso-contra-detenido-durante-cateo-aseguran-drogas-armas-y-una-libreta-de-contactos","title":{"rendered":"BOLET\u00cdN 1,752.- Obtiene Fiscal\u00eda de Oaxaca prisi\u00f3n y vinculaci\u00f3n a proceso contra detenido durante cateo, aseguran drogas, armas y una libreta de contactos"},"content":{"rendered":"<p><strong>Oaxaca de Ju\u00e1rez, Oax. 15 de septiembre de 2025.- <\/strong>Como parte de las acciones de combate a delitos de alto impacto, la Fiscal\u00eda General del Estado de Oaxaca (FGEO) obtuvo auto de vinculaci\u00f3n a proceso y prisi\u00f3n preventiva en contra de una persona del sexo masculino identificado como G.E.N.V., detenido a trav\u00e9s de un cateo e imputado por el delito contra la salud en su modalidad de narcomenudeo en su hip\u00f3tesis de suministro de metanfetaminas.<\/p>\n<p>&nbsp;<\/p>\n<p>De acuerdo con el expediente penal del caso, G.E.N.V., fue aprehendido a trav\u00e9s de un operativo para dar cumplimiento a un cateo encabezado por elementos de la Agencia Estatal de Investigaciones (AEI) de la Unidad Policial Especializada en Combate al Secuestro (UPECS) y de la Vicefiscal\u00eda Regional de Valles Centrales con apoyo de elementos de la Secretar\u00eda de la Defensa Nacional (DEFENSA).<\/p>\n<p>&nbsp;<\/p>\n<p>Dicha movilizaci\u00f3n fue realizada en un domicilio ubicado en el fraccionamiento Las Palmas del Ingenio perteneciente al municipio de San Juan Bautista Tuxtepec, lugar donde adem\u00e1s de la detenci\u00f3n de G.E.N.V., los agentes ministeriales aseguraron una unidad de motor con placas del estado de Veracruz, un arma de fuego con cartuchos \u00fatiles y cargador met\u00e1lico.<\/p>\n<p>&nbsp;<\/p>\n<p>Los elementos policiales hallaron tambi\u00e9n diversas bolsas de drogas conocidas como cristal, una b\u00e1scula gramera y una libreta con datos personales de varias personas, objetos que fueron marcados como indicios para despu\u00e9s asegurarlos e integrarlos a las investigaciones ministeriales, asimismo, poner a disposici\u00f3n a G.E.N.V.<\/p>\n<p>&nbsp;<\/p>\n<p>En audiencia y tras el desahogo de pruebas aportadas por la FGEO, el Juez de Control, consider\u00f3 suficientes los indicios entregados, dictando auto de vinculaci\u00f3n a proceso por el delito contra la salud en su modalidad de narcomenudeo en su posesi\u00f3n con fines de suministro de metanfetaminas, adem\u00e1s de imponer la medida de prisi\u00f3n preventiva justificada y otorgar un mes para el cierre de la investigaci\u00f3n complementaria.<\/p>\n<p>&nbsp;<\/p>\n<p>La Fiscal\u00eda de Oaxaca refrenda su compromiso de seguir trabajando para combatir este tipo de delitos que atentan contra el bienestar de la sociedad oaxaque\u00f1a.<\/p>\n<p><img fetchpriority=\"high\" decoding=\"async\" class=\"alignnone size-medium wp-image-10104\" src=\"https:\/\/portal.fgeo.gob.mx\/wp-content\/uploads\/2025\/09\/Dise%C3%B1o-sin-t%C3%ADtulo-17-225x300.jpg\" alt=\"\" width=\"225\" height=\"300\" \/><\/p>\n","protected":false},"author":2,"featured_media":10029,"comment_status":"closed","ping_status":"closed","template":"","tags":[],"categoria_noticias":[],"class_list":["post-10103","noticias","type-noticias","status-publish","has-post-thumbnail","hentry"],"acf":[],"mb":[],"mfb_rest_fields":["title","gutenberg_elementor_mode"],"_links":{"self":[{"href":"https:\/\/portal.fgeo.gob.mx\/index.php\/wp-json\/wp\/v2\/noticias\/10103","targetHints":{"allow":["GET"]}}],"collection":[{"href":"https:\/\/portal.fgeo.gob.mx\/index.php\/wp-json\/wp\/v2\/noticias"}],"about":[{"href":"https:\/\/portal.fgeo.gob.mx\/index.php\/wp-json\/wp\/v2\/types\/noticias"}],"author":[{"embeddable":true,"href":"https:\/\/portal.fgeo.gob.mx\/index.php\/wp-json\/wp\/v2\/users\/2"}],"replies":[{"embeddable":true,"href":"https:\/\/portal.fgeo.gob.mx\/index.php\/wp-json\/wp\/v2\/comments?post=10103"}],"wp:featuredmedia":[{"embeddable":true,"href":"https:\/\/portal.fgeo.gob.mx\/index.php\/wp-json\/"}],"wp:attachment":[{"href":"https:\/\/portal.fgeo.gob.mx\/index.php\/wp-json\/wp\/v2\/media?parent=10103"}],"wp:term":[{"taxonomy":"post_tag","embeddable":true,"href":"https:\/\/portal.fgeo.gob.mx\/index.php\/wp-json\/wp\/v2\/tags?post=10103"},{"taxonomy":"categoria_noticias","embeddable":true,"href":"https:\/\/portal.fgeo.gob.mx\/index.php\/wp-json\/wp\/v2\/categoria_noticias?post=10103"}],"curies":[{"name":"wp","href":"https:\/\/api.w.org\/{rel}","templated":true}]}}